{"id":4444,"date":"2026-03-11T07:36:53","date_gmt":"2026-03-11T06:36:53","guid":{"rendered":"https:\/\/ns-osteo.fr\/vertiges-et-cervicales-le-role-de-losteopathe-dans-le-traitement\/"},"modified":"2026-03-11T07:36:53","modified_gmt":"2026-03-11T06:36:53","slug":"vertiges-et-cervicales-le-role-de-losteopathe-dans-le-traitement","status":"publish","type":"post","link":"https:\/\/ns-osteo.fr\/blog\/vertiges-et-cervicales-le-role-de-losteopathe-dans-le-traitement\/","title":{"rendered":"Vertiges et cervicales : le r\u00f4le de l&rsquo;ost\u00e9opathe dans le traitement"},"content":{"rendered":"<p>Vous ressentez une perte d&rsquo;<strong>\u00e9quilibre<\/strong> associ\u00e9e \u00e0 des raideurs dans la nuque ? Les <strong>vertiges<\/strong> d&rsquo;origine cervicale proviennent souvent d&rsquo;une alt\u00e9ration des informations sensorielles entre votre cou et votre cerveau. En effet, la <strong>colonne cervicale<\/strong> abrite de nombreux capteurs nerveux indispensables \u00e0 votre orientation spatiale. Lorsqu&rsquo;un <strong>blocage<\/strong> ou une tension musculaire survient, ces capteurs envoient des signaux erron\u00e9s. Le <strong>traitement<\/strong> par un <strong>ost\u00e9opathe<\/strong> vise pr\u00e9cis\u00e9ment \u00e0 restaurer la <strong>mobilit\u00e9<\/strong> de cette zone pour stopper cette fausse sensation de mouvement. Cette <strong>approche globale<\/strong> ne se limite pas au cou, mais r\u00e9\u00e9quilibre l&rsquo;ensemble de votre posture pour un r\u00e9sultat durable.<\/p>\n\n<p>L&rsquo;\u00e9volution de nos modes de vie, particuli\u00e8rement marqu\u00e9e en cette ann\u00e9e 2026 par l&rsquo;omnipr\u00e9sence du travail sur \u00e9cran, met nos postures \u00e0 rude \u00e9preuve. Vous passez de longues heures la <strong>t\u00eate<\/strong> pench\u00e9e vers l&rsquo;avant, cr\u00e9ant une surcharge m\u00e9canique sur vos <strong>vert\u00e8bres<\/strong> sup\u00e9rieures. Une simple <strong>douleur cervicale<\/strong> peut alors se transformer en un trouble fonctionnel beaucoup plus invalidant. Votre corps perd ses rep\u00e8res. L&rsquo;oreille interne, la vision et les muscles de votre nuque n&rsquo;arrivent plus \u00e0 se synchroniser correctement, provoquant des \u00e9tourdissements quotidiens.<\/p>\n\n<p>Il est essentiel de rappeler que l&rsquo;ost\u00e9opathie ne gu\u00e9rit pas les maladies graves et ne remplace pas un diagnostic m\u00e9dical. Si vos sympt\u00f4mes s&rsquo;aggravent ou persistent, une consultation chez votre m\u00e9decin reste indispensable. Toutefois, pour la prise en charge des troubles fonctionnels, la th\u00e9rapie manuelle offre un v\u00e9ritable soulagement. En lib\u00e9rant les <strong>tissus<\/strong> et en ajustant la <strong>biom\u00e9canique<\/strong> de votre corps, le praticien aide votre <strong>syst\u00e8me vestibulaire<\/strong> \u00e0 retrouver ses justes rep\u00e8res naturellement.<\/p>\n\n<h2 class=\"wp-block-heading\">Pourquoi les douleurs cervicales provoquent-elles des vertiges ?<\/h2>\n\n<p>Votre cou est un carrefour anatomique majeur qui soutient votre cr\u00e2ne tout en garantissant sa fluidit\u00e9 de mouvement. Les deux premi\u00e8res vert\u00e8bres, nomm\u00e9es atlas et axis, jouent un r\u00f4le fondamental dans le maintien de votre posture. Lorsqu&rsquo;un <strong>dysfonctionnement<\/strong> appara\u00eet \u00e0 ce niveau, la m\u00e9canique de toute la zone s&rsquo;enraille.<\/p>\n\n<p>Cette perte de mouvement peut comprimer l\u00e9g\u00e8rement les vaisseaux sanguins de la r\u00e9gion. Cette contrainte vasculaire perturbe l&rsquo;afflux sanguin vers le cerveau et l&rsquo;oreille interne. Vous ressentez alors une sensation d&rsquo;instabilit\u00e9 soudaine, comme si le sol tanguait sous vos pieds.<\/p>\n\n<p>De plus, les muscles de votre nuque sont remplis de propriocepteurs. Ce sont de minuscules capteurs nerveux qui informent constamment le cerveau de la position de votre corps dans l&rsquo;espace. Une contracture musculaire prolong\u00e9e fausse ces donn\u00e9es sensorielles vitales.<\/p>\n\n<p>Le cerveau re\u00e7oit alors des informations contradictoires entre vos yeux, votre oreille interne et votre cou. C&rsquo;est cette d\u00e9synchronisation brutale des signaux nerveux qui d\u00e9clenche la sensation vertigineuse et la fatigue associ\u00e9e.<\/p>\n\n<figure class=\"is-provider-youtube is-type-video wp-block-embed wp-block-embed-youtube wp-embed-aspect-16-9 wp-has-aspect-ratio\"><div class=\"wp-block-embed__wrapper\">\n<iframe loading=\"lazy\" title=\"VERTIGES: tests et man\u0153uvres lib\u00e9ratoires\" width=\"720\" height=\"405\" src=\"https:\/\/www.youtube.com\/embed\/OPE_gRue3tw?feature=oembed\" frameborder=\"0\" allow=\"accelerometer; autoplay; clipboard-write; encrypted-media; gyroscope; picture-in-picture; web-share\" referrerpolicy=\"strict-origin-when-cross-origin\" allowfullscreen><\/iframe>\n<\/div><\/figure>\n\n<h3 class=\"wp-block-heading\">Quels sont les signaux d&rsquo;alerte \u00e0 surveiller ?<\/h3>\n\n<p>Il est crucial d&rsquo;identifier pr\u00e9cis\u00e9ment les manifestations de ce trouble m\u00e9canique. Les \u00e9tourdissements li\u00e9s aux <strong>cervicales<\/strong> pr\u00e9sentent des caract\u00e9ristiques sp\u00e9cifiques qui les diff\u00e9rencient d&rsquo;autres pathologies neurologiques.<\/p>\n\n<p>Voici les signes les plus fr\u00e9quemment rencontr\u00e9s lors d&rsquo;une crise cervicog\u00e9nique :<\/p>\n\n<ul class=\"wp-block-list\"><li>\ud83e\udd15 <strong>Sensation de t\u00eate lourde<\/strong> ou d&rsquo;un brouillard mental constant.<\/li><li>\ud83d\udd04 Impression d&rsquo;instabilit\u00e9 d\u00e9clench\u00e9e par les mouvements brusques du cou.<\/li><li>\u26a1 <strong>Douleur cervicale<\/strong> irradiant vers les omoplates ou la base du cr\u00e2ne.<\/li><li>\ud83d\udc41\ufe0f Fatigue oculaire ou l\u00e9gers troubles visuels en fin de journ\u00e9e.<\/li><li>\ud83e\udd22 Naus\u00e9es l\u00e9g\u00e8res sans perte d&rsquo;audition (contrairement aux troubles ORL).<\/li><\/ul>\n\n<p>Si vous pr\u00e9sentez une fi\u00e8vre soudaine, une vision double ou des pertes de connaissance, cessez tout mouvement. Consultez imm\u00e9diatement un service d&rsquo;urgences m\u00e9dicales pour \u00e9carter toute urgence vitale.<\/p>\n\n<h2 class=\"wp-block-heading\">Comment l&rsquo;ost\u00e9opathe intervient-il sur la colonne cervicale ?<\/h2>\n\n<p>La prise en charge ost\u00e9opathique repose avant tout sur un examen minutieux de votre posture globale. Le praticien analyse avec pr\u00e9cision la fa\u00e7on dont votre corps compense les tensions accumul\u00e9es au fil des mois.<\/p>\n\n<p>L&rsquo;objectif de la <strong>manipulation ost\u00e9opathique<\/strong> est de lever les restrictions articulaires sans jamais forcer. Le geste clinique est pr\u00e9cis, parfaitement dos\u00e9 et toujours adapt\u00e9 \u00e0 votre physiologie et \u00e0 votre \u00e2ge.<\/p>\n\n<p>En travaillant sur les fascias et les attaches musculaires, le th\u00e9rapeute favorise un meilleur <strong>drainage<\/strong> vasculaire local. Cette action d\u00e9congestionne les tissus enflamm\u00e9s et diminue la pression sur les nerfs cr\u00e2niens.<\/p>\n\n<p>Ce <strong>traitement manuel<\/strong> permet de rel\u00e2cher les spasmes profonds qui perturbent vos capteurs sensoriels. La communication nerveuse redevient fluide, permettant \u00e0 votre corps de retrouver sa stabilit\u00e9 naturelle.<\/p>\n\n<h3 class=\"wp-block-heading\">Quelles sont les diff\u00e9rentes approches th\u00e9rapeutiques utilis\u00e9es ?<\/h3>\n\n<p>Chaque patient est unique et n\u00e9cessite une strat\u00e9gie d&rsquo;intervention sur mesure. Le choix des techniques employ\u00e9es d\u00e9pendra de l&rsquo;origine exacte de votre g\u00eane et de vos ant\u00e9c\u00e9dents m\u00e9dicaux.<\/p>\n\n<p>Le tableau ci-dessous r\u00e9sume les m\u00e9thodes douces couramment employ\u00e9es en cabinet :<\/p>\n\n<figure class=\"wp-block-table\"><table>\n<thead>\n<tr>\n<th>\ud83d\udee0\ufe0f Technique ost\u00e9opathique<\/th>\n<th>\ud83c\udfaf Action sur votre corps<\/th>\n<th>\u2728 B\u00e9n\u00e9fice direct<\/th>\n<\/tr>\n<\/thead>\n<tbody>\n<tr>\n<td><strong>Lib\u00e9ration myofasciale<\/strong><\/td>\n<td>D\u00e9tendre les enveloppes musculaires de la nuque.<\/td>\n<td>Diminue la sensation d&rsquo;\u00e9tau autour du cr\u00e2ne.<\/td>\n<\/tr>\n<tr>\n<td><strong>Mobilisation douce<\/strong><\/td>\n<td>Redonner du jeu aux articulations bloqu\u00e9es.<\/td>\n<td>Am\u00e9liore la rotation du cou sans douleur.<\/td>\n<\/tr>\n<tr>\n<td><strong>Travail cr\u00e2nio-sacr\u00e9<\/strong><\/td>\n<td>Rel\u00e2cher l&rsquo;axe central entre le cr\u00e2ne et le bassin.<\/td>\n<td>Restaure l&rsquo;apaisement du syst\u00e8me nerveux.<\/td>\n<\/tr>\n<tr>\n<td><strong>Approche visc\u00e9rale<\/strong><\/td>\n<td>Lib\u00e9rer les attaches du diaphragme.<\/td>\n<td>Optimise l&rsquo;oxyg\u00e9nation et r\u00e9duit le stress per\u00e7u.<\/td>\n<\/tr>\n<\/tbody>\n<\/table><\/figure>\n\n<h2 class=\"wp-block-heading\">Quelles habitudes adopter pour pr\u00e9venir ces vertiges au quotidien ?<\/h2>\n\n<p>La <strong>pr\u00e9vention<\/strong> est la cl\u00e9 absolue pour \u00e9viter les r\u00e9cidives douloureuses. L&rsquo;accompagnement th\u00e9rapeutique inclut toujours des conseils personnalis\u00e9s pour prolonger les bienfaits de votre s\u00e9ance \u00e0 la maison.<\/p>\n\n<p>L&rsquo;ergonomie de votre espace de travail doit \u00eatre votre priorit\u00e9. Sur\u00e9levez vos \u00e9crans \u00e0 hauteur des yeux et rel\u00e2chez vos \u00e9paules pour soulager imm\u00e9diatement le poids port\u00e9 par votre nuque.<\/p>\n\n<p>Pensez \u00e0 faire des pauses actives toutes les heures. \u00c9tirez doucement vos muscles cervicaux en inclinant l&rsquo;oreille vers l&rsquo;\u00e9paule oppos\u00e9e pendant une dizaine de secondes, en soufflant profond\u00e9ment.<\/p>\n\n<p>Enfin, la respiration abdominale joue un r\u00f4le protecteur majeur. En apprenant \u00e0 respirer par le ventre, vous \u00e9vitez de sur-solliciter les petits muscles de votre cou \u00e0 chaque inspiration.<\/p>\n\n<figure class=\"is-provider-youtube is-type-video wp-block-embed wp-block-embed-youtube wp-embed-aspect-16-9 wp-has-aspect-ratio\"><div class=\"wp-block-embed__wrapper\">\n<iframe loading=\"lazy\" title=\"Cervicales bloqu\u00e9es ? EsAie \u00e7a !\" width=\"720\" height=\"405\" src=\"https:\/\/www.youtube.com\/embed\/_7w9NPXCsfs?feature=oembed\" frameborder=\"0\" allow=\"accelerometer; autoplay; clipboard-write; encrypted-media; gyroscope; picture-in-picture; web-share\" referrerpolicy=\"strict-origin-when-cross-origin\" allowfullscreen><\/iframe>\n<\/div><\/figure>\n\n<script type=\"application\/ld+json\">\n{\"@context\":\"https:\/\/schema.org\",\"@type\":\"FAQPage\",\"mainEntity\":[{\"@type\":\"Question\",\"name\":\"Combien de su00e9ances sont nu00e9cessaires pour soulager les u00e9tourdissements ?\",\"acceptedAnswer\":{\"@type\":\"Answer\",\"text\":\"Le nombre de su00e9ances varie selon l'anciennetu00e9 de votre problu00e8me. En gu00e9nu00e9ral, 1 u00e0 3 consultations espacu00e9es de quelques semaines suffisent pour ru00e9u00e9quilibrer la posture et observer une diminution significative des symptu00f4mes fonctionnels.\"}},{\"@type\":\"Question\",\"name\":\"Est-il normal d'avoir mal au cou apru00e8s une manipulation ?\",\"acceptedAnswer\":{\"@type\":\"Answer\",\"text\":\"Oui, il est tru00e8s fru00e9quent de ressentir des courbatures ou une fatigue passagu00e8re pendant 24 u00e0 48 heures. Votre corps a besoin de ce temps pour intu00e9grer les nouvelles informations biomu00e9caniques et relu00e2cher du00e9finitivement ses compensations.\"}},{\"@type\":\"Question\",\"name\":\"L'ostu00e9opathie fait-elle craquer les cervicales obligatoirement ?\",\"acceptedAnswer\":{\"@type\":\"Answer\",\"text\":\"Absolument pas. L'ostu00e9opathe dispose d'une multitude d'outils thu00e9rapeutiques. Les techniques tissulaires ou fasciales sont extru00eamement douces et ne nu00e9cessitent aucun 'craquement' articulaire pour u00eatre parfaitement efficaces.\"}},{\"@type\":\"Question\",\"name\":\"Une mauvaise vue peut-elle aggraver mes problu00e8mes d'u00e9quilibre ?\",\"acceptedAnswer\":{\"@type\":\"Answer\",\"text\":\"Tout u00e0 fait. Une fatigue oculaire ou des lunettes mal adaptu00e9es forcent votre tu00eate u00e0 s'avancer vers l'u00e9cran. Cette posture vicieuse cru00e9e des tensions directes sur vos muscles sous-occipitaux, favorisant ainsi l'apparition des u00e9tourdissements.\"}}]}\n<\/script>\n<h3>Combien de s\u00e9ances sont n\u00e9cessaires pour soulager les \u00e9tourdissements ?<\/h3>\n<p>Le nombre de s\u00e9ances varie selon l&rsquo;anciennet\u00e9 de votre probl\u00e8me. En g\u00e9n\u00e9ral, 1 \u00e0 3 consultations espac\u00e9es de quelques semaines suffisent pour r\u00e9\u00e9quilibrer la posture et observer une diminution significative des sympt\u00f4mes fonctionnels.<\/p>\n<h3>Est-il normal d&rsquo;avoir mal au cou apr\u00e8s une manipulation ?<\/h3>\n<p>Oui, il est tr\u00e8s fr\u00e9quent de ressentir des courbatures ou une fatigue passag\u00e8re pendant 24 \u00e0 48 heures. Votre corps a besoin de ce temps pour int\u00e9grer les nouvelles informations biom\u00e9caniques et rel\u00e2cher d\u00e9finitivement ses compensations.<\/p>\n<h3>L&rsquo;ost\u00e9opathie fait-elle craquer les cervicales obligatoirement ?<\/h3>\n<p>Absolument pas. L&rsquo;ost\u00e9opathe dispose d&rsquo;une multitude d&rsquo;outils th\u00e9rapeutiques. Les techniques tissulaires ou fasciales sont extr\u00eamement douces et ne n\u00e9cessitent aucun &lsquo;craquement&rsquo; articulaire pour \u00eatre parfaitement efficaces.<\/p>\n<h3>Une mauvaise vue peut-elle aggraver mes probl\u00e8mes d&rsquo;\u00e9quilibre ?<\/h3>\n<p>Tout \u00e0 fait. Une fatigue oculaire ou des lunettes mal adapt\u00e9es forcent votre t\u00eate \u00e0 s&rsquo;avancer vers l&rsquo;\u00e9cran. Cette posture vicieuse cr\u00e9e des tensions directes sur vos muscles sous-occipitaux, favorisant ainsi l&rsquo;apparition des \u00e9tourdissements.<\/p>\n\n","protected":false},"excerpt":{"rendered":"<p>Vous ressentez une perte d&rsquo;\u00e9quilibre associ\u00e9e \u00e0 des raideurs dans la nuque ? Les vertiges d&rsquo;origine cervicale proviennent souvent d&rsquo;une&#8230;<\/p>\n","protected":false},"author":7,"featured_media":4443,"comment_status":"","ping_status":"","sticky":false,"template":"","format":"standard","meta":{"_kadence_starter_templates_imported_post":false,"_kad_post_transparent":"","_kad_post_title":"","_kad_post_layout":"","_kad_post_sidebar_id":"","_kad_post_content_style":"","_kad_post_vertical_padding":"","_kad_post_feature":"","_kad_post_feature_position":"","_kad_post_header":false,"_kad_post_footer":false,"_kad_post_classname":"","footnotes":""},"categories":[60],"tags":[],"class_list":["post-4444","post","type-post","status-publish","format-standard","has-post-thumbnail","hentry","category-osteopathie"],"yoast_head":"<!-- This site is optimized with the Yoast SEO plugin v27.5 - https:\/\/yoast.com\/product\/yoast-seo-wordpress\/ -->\n<title>\u25b7 Vertiges et cervicales : le r\u00f4le de l&#039;ost\u00e9opathe dans le traitement<\/title>\n<meta name=\"description\" content=\"D\u00e9couvrez comment l\u2019ost\u00e9opathe traite les vertiges li\u00e9s aux cervicales pour soulager douleurs et am\u00e9liorer votre \u00e9quilibre.\" \/>\n<meta name=\"robots\" content=\"index, follow, max-snippet:-1, max-image-preview:large, max-video-preview:-1\" \/>\n<link rel=\"canonical\" href=\"https:\/\/ns-osteo.fr\/blog\/vertiges-et-cervicales-le-role-de-losteopathe-dans-le-traitement\/\" \/>\n<meta property=\"og:locale\" content=\"fr_FR\" \/>\n<meta property=\"og:type\" content=\"article\" \/>\n<meta property=\"og:title\" content=\"\u25b7 Vertiges et cervicales : le r\u00f4le de l&#039;ost\u00e9opathe dans le traitement\" \/>\n<meta property=\"og:description\" content=\"D\u00e9couvrez comment l\u2019ost\u00e9opathe traite les vertiges li\u00e9s aux cervicales pour soulager douleurs et am\u00e9liorer votre \u00e9quilibre.\" \/>\n<meta property=\"og:url\" content=\"https:\/\/ns-osteo.fr\/blog\/vertiges-et-cervicales-le-role-de-losteopathe-dans-le-traitement\/\" \/>\n<meta property=\"og:site_name\" content=\"NS OSTEO\" \/>\n<meta property=\"article:published_time\" content=\"2026-03-11T06:36:53+00:00\" \/>\n<meta property=\"og:image\" content=\"https:\/\/ns-osteo.fr\/blog\/wp-content\/uploads\/2026\/03\/Vertiges-et-cervicales-le-role-de-losteopathe-dans-le-traitement.png\" \/>\n\t<meta property=\"og:image:width\" content=\"1344\" \/>\n\t<meta property=\"og:image:height\" content=\"768\" \/>\n\t<meta property=\"og:image:type\" content=\"image\/png\" \/>\n<meta name=\"author\" content=\"Quentin\" \/>\n<meta name=\"twitter:card\" content=\"summary_large_image\" \/>\n<meta name=\"twitter:label1\" content=\"\u00c9crit par\" \/>\n\t<meta name=\"twitter:data1\" content=\"Quentin\" \/>\n\t<meta name=\"twitter:label2\" content=\"Dur\u00e9e de lecture estim\u00e9e\" \/>\n\t<meta name=\"twitter:data2\" content=\"6 minutes\" \/>\n<script type=\"application\/ld+json\" class=\"yoast-schema-graph\">{\"@context\":\"https:\\\/\\\/schema.org\",\"@graph\":[{\"@type\":\"Article\",\"@id\":\"https:\\\/\\\/ns-osteo.fr\\\/blog\\\/vertiges-et-cervicales-le-role-de-losteopathe-dans-le-traitement\\\/#article\",\"isPartOf\":{\"@id\":\"https:\\\/\\\/ns-osteo.fr\\\/blog\\\/vertiges-et-cervicales-le-role-de-losteopathe-dans-le-traitement\\\/\"},\"author\":{\"name\":\"Quentin\",\"@id\":\"https:\\\/\\\/ns-osteo.fr\\\/blog\\\/#\\\/schema\\\/person\\\/9a59cedf8f0450fcac67e2eef85497be\"},\"headline\":\"Vertiges et cervicales : le r\u00f4le de l&rsquo;ost\u00e9opathe dans le traitement\",\"datePublished\":\"2026-03-11T06:36:53+00:00\",\"mainEntityOfPage\":{\"@id\":\"https:\\\/\\\/ns-osteo.fr\\\/blog\\\/vertiges-et-cervicales-le-role-de-losteopathe-dans-le-traitement\\\/\"},\"wordCount\":1275,\"publisher\":{\"@id\":\"https:\\\/\\\/ns-osteo.fr\\\/blog\\\/#organization\"},\"image\":{\"@id\":\"https:\\\/\\\/ns-osteo.fr\\\/blog\\\/vertiges-et-cervicales-le-role-de-losteopathe-dans-le-traitement\\\/#primaryimage\"},\"thumbnailUrl\":\"https:\\\/\\\/ns-osteo.fr\\\/blog\\\/wp-content\\\/uploads\\\/2026\\\/03\\\/Vertiges-et-cervicales-le-role-de-losteopathe-dans-le-traitement.png\",\"articleSection\":[\"Ost\u00e9opathie\"],\"inLanguage\":\"fr-FR\"},{\"@type\":\"WebPage\",\"@id\":\"https:\\\/\\\/ns-osteo.fr\\\/blog\\\/vertiges-et-cervicales-le-role-de-losteopathe-dans-le-traitement\\\/\",\"url\":\"https:\\\/\\\/ns-osteo.fr\\\/blog\\\/vertiges-et-cervicales-le-role-de-losteopathe-dans-le-traitement\\\/\",\"name\":\"\u25b7 Vertiges et cervicales : le r\u00f4le de l'ost\u00e9opathe dans le traitement\",\"isPartOf\":{\"@id\":\"https:\\\/\\\/ns-osteo.fr\\\/blog\\\/#website\"},\"primaryImageOfPage\":{\"@id\":\"https:\\\/\\\/ns-osteo.fr\\\/blog\\\/vertiges-et-cervicales-le-role-de-losteopathe-dans-le-traitement\\\/#primaryimage\"},\"image\":{\"@id\":\"https:\\\/\\\/ns-osteo.fr\\\/blog\\\/vertiges-et-cervicales-le-role-de-losteopathe-dans-le-traitement\\\/#primaryimage\"},\"thumbnailUrl\":\"https:\\\/\\\/ns-osteo.fr\\\/blog\\\/wp-content\\\/uploads\\\/2026\\\/03\\\/Vertiges-et-cervicales-le-role-de-losteopathe-dans-le-traitement.png\",\"datePublished\":\"2026-03-11T06:36:53+00:00\",\"description\":\"D\u00e9couvrez comment l\u2019ost\u00e9opathe traite les vertiges li\u00e9s aux cervicales pour soulager douleurs et am\u00e9liorer votre \u00e9quilibre.\",\"breadcrumb\":{\"@id\":\"https:\\\/\\\/ns-osteo.fr\\\/blog\\\/vertiges-et-cervicales-le-role-de-losteopathe-dans-le-traitement\\\/#breadcrumb\"},\"inLanguage\":\"fr-FR\",\"potentialAction\":[{\"@type\":\"ReadAction\",\"target\":[\"https:\\\/\\\/ns-osteo.fr\\\/blog\\\/vertiges-et-cervicales-le-role-de-losteopathe-dans-le-traitement\\\/\"]}]},{\"@type\":\"ImageObject\",\"inLanguage\":\"fr-FR\",\"@id\":\"https:\\\/\\\/ns-osteo.fr\\\/blog\\\/vertiges-et-cervicales-le-role-de-losteopathe-dans-le-traitement\\\/#primaryimage\",\"url\":\"https:\\\/\\\/ns-osteo.fr\\\/blog\\\/wp-content\\\/uploads\\\/2026\\\/03\\\/Vertiges-et-cervicales-le-role-de-losteopathe-dans-le-traitement.png\",\"contentUrl\":\"https:\\\/\\\/ns-osteo.fr\\\/blog\\\/wp-content\\\/uploads\\\/2026\\\/03\\\/Vertiges-et-cervicales-le-role-de-losteopathe-dans-le-traitement.png\",\"width\":1344,\"height\":768,\"caption\":\"d\u00e9couvrez comment un ost\u00e9opathe peut soulager les vertiges li\u00e9s aux probl\u00e8mes cervicaux gr\u00e2ce \u00e0 des techniques adapt\u00e9es et un suivi personnalis\u00e9.\"},{\"@type\":\"BreadcrumbList\",\"@id\":\"https:\\\/\\\/ns-osteo.fr\\\/blog\\\/vertiges-et-cervicales-le-role-de-losteopathe-dans-le-traitement\\\/#breadcrumb\",\"itemListElement\":[{\"@type\":\"ListItem\",\"position\":1,\"name\":\"Accueil\",\"item\":\"https:\\\/\\\/ns-osteo.fr\\\/blog\\\/\"},{\"@type\":\"ListItem\",\"position\":2,\"name\":\"Ost\u00e9opathie\",\"item\":\"https:\\\/\\\/ns-osteo.fr\\\/blog\\\/osteopathie\\\/\"},{\"@type\":\"ListItem\",\"position\":3,\"name\":\"Vertiges et cervicales : le r\u00f4le de l&rsquo;ost\u00e9opathe dans le traitement\"}]},{\"@type\":\"WebSite\",\"@id\":\"https:\\\/\\\/ns-osteo.fr\\\/blog\\\/#website\",\"url\":\"https:\\\/\\\/ns-osteo.fr\\\/blog\\\/\",\"name\":\"NS OSTEO\",\"description\":\"Trouvez un ost\u00e9opathe pr\u00e8s de chez vous\",\"publisher\":{\"@id\":\"https:\\\/\\\/ns-osteo.fr\\\/blog\\\/#organization\"},\"potentialAction\":[{\"@type\":\"SearchAction\",\"target\":{\"@type\":\"EntryPoint\",\"urlTemplate\":\"https:\\\/\\\/ns-osteo.fr\\\/blog\\\/?s={search_term_string}\"},\"query-input\":{\"@type\":\"PropertyValueSpecification\",\"valueRequired\":true,\"valueName\":\"search_term_string\"}}],\"inLanguage\":\"fr-FR\"},{\"@type\":\"Organization\",\"@id\":\"https:\\\/\\\/ns-osteo.fr\\\/blog\\\/#organization\",\"name\":\"NS OSTEO\",\"url\":\"https:\\\/\\\/ns-osteo.fr\\\/blog\\\/\",\"logo\":{\"@type\":\"ImageObject\",\"inLanguage\":\"fr-FR\",\"@id\":\"https:\\\/\\\/ns-osteo.fr\\\/blog\\\/#\\\/schema\\\/logo\\\/image\\\/\",\"url\":\"https:\\\/\\\/ns-osteo.fr\\\/blog\\\/wp-content\\\/uploads\\\/2026\\\/02\\\/cropped-ns-osteo.png\",\"contentUrl\":\"https:\\\/\\\/ns-osteo.fr\\\/blog\\\/wp-content\\\/uploads\\\/2026\\\/02\\\/cropped-ns-osteo.png\",\"width\":511,\"height\":512,\"caption\":\"NS OSTEO\"},\"image\":{\"@id\":\"https:\\\/\\\/ns-osteo.fr\\\/blog\\\/#\\\/schema\\\/logo\\\/image\\\/\"}},{\"@type\":\"Person\",\"@id\":\"https:\\\/\\\/ns-osteo.fr\\\/blog\\\/#\\\/schema\\\/person\\\/9a59cedf8f0450fcac67e2eef85497be\",\"name\":\"Quentin\",\"image\":{\"@type\":\"ImageObject\",\"inLanguage\":\"fr-FR\",\"@id\":\"https:\\\/\\\/secure.gravatar.com\\\/avatar\\\/?s=96&d=identicon&r=g\",\"url\":\"https:\\\/\\\/secure.gravatar.com\\\/avatar\\\/?s=96&d=identicon&r=g\",\"contentUrl\":\"https:\\\/\\\/secure.gravatar.com\\\/avatar\\\/?s=96&d=identicon&r=g\",\"caption\":\"Quentin\"},\"description\":\"Ost\u00e9opathe passionn\u00e9 de 33 ans, j'accompagne chacun vers un mieux-\u00eatre durable gr\u00e2ce \u00e0 des techniques manuelles adapt\u00e9es. Mon approche allie expertise et \u00e9coute attentive pour restaurer l'\u00e9quilibre du corps.\"}]}<\/script>\n<!-- \/ Yoast SEO plugin. -->","yoast_head_json":{"title":"\u25b7 Vertiges et cervicales : le r\u00f4le de l'ost\u00e9opathe dans le traitement","description":"D\u00e9couvrez comment l\u2019ost\u00e9opathe traite les vertiges li\u00e9s aux cervicales pour soulager douleurs et am\u00e9liorer votre \u00e9quilibre.","robots":{"index":"index","follow":"follow","max-snippet":"max-snippet:-1","max-image-preview":"max-image-preview:large","max-video-preview":"max-video-preview:-1"},"canonical":"https:\/\/ns-osteo.fr\/blog\/vertiges-et-cervicales-le-role-de-losteopathe-dans-le-traitement\/","og_locale":"fr_FR","og_type":"article","og_title":"\u25b7 Vertiges et cervicales : le r\u00f4le de l'ost\u00e9opathe dans le traitement","og_description":"D\u00e9couvrez comment l\u2019ost\u00e9opathe traite les vertiges li\u00e9s aux cervicales pour soulager douleurs et am\u00e9liorer votre \u00e9quilibre.","og_url":"https:\/\/ns-osteo.fr\/blog\/vertiges-et-cervicales-le-role-de-losteopathe-dans-le-traitement\/","og_site_name":"NS OSTEO","article_published_time":"2026-03-11T06:36:53+00:00","og_image":[{"width":1344,"height":768,"url":"https:\/\/ns-osteo.fr\/blog\/wp-content\/uploads\/2026\/03\/Vertiges-et-cervicales-le-role-de-losteopathe-dans-le-traitement.png","type":"image\/png"}],"author":"Quentin","twitter_card":"summary_large_image","twitter_misc":{"\u00c9crit par":"Quentin","Dur\u00e9e de lecture estim\u00e9e":"6 minutes"},"schema":{"@context":"https:\/\/schema.org","@graph":[{"@type":"Article","@id":"https:\/\/ns-osteo.fr\/blog\/vertiges-et-cervicales-le-role-de-losteopathe-dans-le-traitement\/#article","isPartOf":{"@id":"https:\/\/ns-osteo.fr\/blog\/vertiges-et-cervicales-le-role-de-losteopathe-dans-le-traitement\/"},"author":{"name":"Quentin","@id":"https:\/\/ns-osteo.fr\/blog\/#\/schema\/person\/9a59cedf8f0450fcac67e2eef85497be"},"headline":"Vertiges et cervicales : le r\u00f4le de l&rsquo;ost\u00e9opathe dans le traitement","datePublished":"2026-03-11T06:36:53+00:00","mainEntityOfPage":{"@id":"https:\/\/ns-osteo.fr\/blog\/vertiges-et-cervicales-le-role-de-losteopathe-dans-le-traitement\/"},"wordCount":1275,"publisher":{"@id":"https:\/\/ns-osteo.fr\/blog\/#organization"},"image":{"@id":"https:\/\/ns-osteo.fr\/blog\/vertiges-et-cervicales-le-role-de-losteopathe-dans-le-traitement\/#primaryimage"},"thumbnailUrl":"https:\/\/ns-osteo.fr\/blog\/wp-content\/uploads\/2026\/03\/Vertiges-et-cervicales-le-role-de-losteopathe-dans-le-traitement.png","articleSection":["Ost\u00e9opathie"],"inLanguage":"fr-FR"},{"@type":"WebPage","@id":"https:\/\/ns-osteo.fr\/blog\/vertiges-et-cervicales-le-role-de-losteopathe-dans-le-traitement\/","url":"https:\/\/ns-osteo.fr\/blog\/vertiges-et-cervicales-le-role-de-losteopathe-dans-le-traitement\/","name":"\u25b7 Vertiges et cervicales : le r\u00f4le de l'ost\u00e9opathe dans le traitement","isPartOf":{"@id":"https:\/\/ns-osteo.fr\/blog\/#website"},"primaryImageOfPage":{"@id":"https:\/\/ns-osteo.fr\/blog\/vertiges-et-cervicales-le-role-de-losteopathe-dans-le-traitement\/#primaryimage"},"image":{"@id":"https:\/\/ns-osteo.fr\/blog\/vertiges-et-cervicales-le-role-de-losteopathe-dans-le-traitement\/#primaryimage"},"thumbnailUrl":"https:\/\/ns-osteo.fr\/blog\/wp-content\/uploads\/2026\/03\/Vertiges-et-cervicales-le-role-de-losteopathe-dans-le-traitement.png","datePublished":"2026-03-11T06:36:53+00:00","description":"D\u00e9couvrez comment l\u2019ost\u00e9opathe traite les vertiges li\u00e9s aux cervicales pour soulager douleurs et am\u00e9liorer votre \u00e9quilibre.","breadcrumb":{"@id":"https:\/\/ns-osteo.fr\/blog\/vertiges-et-cervicales-le-role-de-losteopathe-dans-le-traitement\/#breadcrumb"},"inLanguage":"fr-FR","potentialAction":[{"@type":"ReadAction","target":["https:\/\/ns-osteo.fr\/blog\/vertiges-et-cervicales-le-role-de-losteopathe-dans-le-traitement\/"]}]},{"@type":"ImageObject","inLanguage":"fr-FR","@id":"https:\/\/ns-osteo.fr\/blog\/vertiges-et-cervicales-le-role-de-losteopathe-dans-le-traitement\/#primaryimage","url":"https:\/\/ns-osteo.fr\/blog\/wp-content\/uploads\/2026\/03\/Vertiges-et-cervicales-le-role-de-losteopathe-dans-le-traitement.png","contentUrl":"https:\/\/ns-osteo.fr\/blog\/wp-content\/uploads\/2026\/03\/Vertiges-et-cervicales-le-role-de-losteopathe-dans-le-traitement.png","width":1344,"height":768,"caption":"d\u00e9couvrez comment un ost\u00e9opathe peut soulager les vertiges li\u00e9s aux probl\u00e8mes cervicaux gr\u00e2ce \u00e0 des techniques adapt\u00e9es et un suivi personnalis\u00e9."},{"@type":"BreadcrumbList","@id":"https:\/\/ns-osteo.fr\/blog\/vertiges-et-cervicales-le-role-de-losteopathe-dans-le-traitement\/#breadcrumb","itemListElement":[{"@type":"ListItem","position":1,"name":"Accueil","item":"https:\/\/ns-osteo.fr\/blog\/"},{"@type":"ListItem","position":2,"name":"Ost\u00e9opathie","item":"https:\/\/ns-osteo.fr\/blog\/osteopathie\/"},{"@type":"ListItem","position":3,"name":"Vertiges et cervicales : le r\u00f4le de l&rsquo;ost\u00e9opathe dans le traitement"}]},{"@type":"WebSite","@id":"https:\/\/ns-osteo.fr\/blog\/#website","url":"https:\/\/ns-osteo.fr\/blog\/","name":"NS OSTEO","description":"Trouvez un ost\u00e9opathe pr\u00e8s de chez vous","publisher":{"@id":"https:\/\/ns-osteo.fr\/blog\/#organization"},"potentialAction":[{"@type":"SearchAction","target":{"@type":"EntryPoint","urlTemplate":"https:\/\/ns-osteo.fr\/blog\/?s={search_term_string}"},"query-input":{"@type":"PropertyValueSpecification","valueRequired":true,"valueName":"search_term_string"}}],"inLanguage":"fr-FR"},{"@type":"Organization","@id":"https:\/\/ns-osteo.fr\/blog\/#organization","name":"NS OSTEO","url":"https:\/\/ns-osteo.fr\/blog\/","logo":{"@type":"ImageObject","inLanguage":"fr-FR","@id":"https:\/\/ns-osteo.fr\/blog\/#\/schema\/logo\/image\/","url":"https:\/\/ns-osteo.fr\/blog\/wp-content\/uploads\/2026\/02\/cropped-ns-osteo.png","contentUrl":"https:\/\/ns-osteo.fr\/blog\/wp-content\/uploads\/2026\/02\/cropped-ns-osteo.png","width":511,"height":512,"caption":"NS OSTEO"},"image":{"@id":"https:\/\/ns-osteo.fr\/blog\/#\/schema\/logo\/image\/"}},{"@type":"Person","@id":"https:\/\/ns-osteo.fr\/blog\/#\/schema\/person\/9a59cedf8f0450fcac67e2eef85497be","name":"Quentin","image":{"@type":"ImageObject","inLanguage":"fr-FR","@id":"https:\/\/secure.gravatar.com\/avatar\/?s=96&d=identicon&r=g","url":"https:\/\/secure.gravatar.com\/avatar\/?s=96&d=identicon&r=g","contentUrl":"https:\/\/secure.gravatar.com\/avatar\/?s=96&d=identicon&r=g","caption":"Quentin"},"description":"Ost\u00e9opathe passionn\u00e9 de 33 ans, j'accompagne chacun vers un mieux-\u00eatre durable gr\u00e2ce \u00e0 des techniques manuelles adapt\u00e9es. Mon approche allie expertise et \u00e9coute attentive pour restaurer l'\u00e9quilibre du corps."}]}},"_links":{"self":[{"href":"https:\/\/ns-osteo.fr\/blog\/wp-json\/wp\/v2\/posts\/4444","targetHints":{"allow":["GET"]}}],"collection":[{"href":"https:\/\/ns-osteo.fr\/blog\/wp-json\/wp\/v2\/posts"}],"about":[{"href":"https:\/\/ns-osteo.fr\/blog\/wp-json\/wp\/v2\/types\/post"}],"author":[{"embeddable":true,"href":"https:\/\/ns-osteo.fr\/blog\/wp-json\/wp\/v2\/users\/7"}],"replies":[{"embeddable":true,"href":"https:\/\/ns-osteo.fr\/blog\/wp-json\/wp\/v2\/comments?post=4444"}],"version-history":[{"count":0,"href":"https:\/\/ns-osteo.fr\/blog\/wp-json\/wp\/v2\/posts\/4444\/revisions"}],"wp:featuredmedia":[{"embeddable":true,"href":"https:\/\/ns-osteo.fr\/blog\/wp-json\/wp\/v2\/media\/4443"}],"wp:attachment":[{"href":"https:\/\/ns-osteo.fr\/blog\/wp-json\/wp\/v2\/media?parent=4444"}],"wp:term":[{"taxonomy":"category","embeddable":true,"href":"https:\/\/ns-osteo.fr\/blog\/wp-json\/wp\/v2\/categories?post=4444"},{"taxonomy":"post_tag","embeddable":true,"href":"https:\/\/ns-osteo.fr\/blog\/wp-json\/wp\/v2\/tags?post=4444"}],"curies":[{"name":"wp","href":"https:\/\/api.w.org\/{rel}","templated":true}]}}