{"id":4446,"date":"2026-03-12T07:35:01","date_gmt":"2026-03-12T06:35:01","guid":{"rendered":"https:\/\/ns-osteo.fr\/faut-il-marcher-ou-se-reposer-en-cas-de-crise-de-sciatique\/"},"modified":"2026-03-12T07:35:01","modified_gmt":"2026-03-12T06:35:01","slug":"faut-il-marcher-ou-se-reposer-en-cas-de-crise-de-sciatique","status":"publish","type":"post","link":"https:\/\/ns-osteo.fr\/blog\/faut-il-marcher-ou-se-reposer-en-cas-de-crise-de-sciatique\/","title":{"rendered":"Faut-il marcher ou se reposer en cas de crise de sciatique ?"},"content":{"rendered":"<p>Face \u00e0 une <strong>crise de sciatique<\/strong>, la r\u00e9ponse est claire : <strong>oui, il faut marcher<\/strong>, mais de mani\u00e8re raisonn\u00e9. L&rsquo;id\u00e9e re\u00e7ue selon laquelle il faudrait rester alit\u00e9 est aujourd&rsquo;hui totalement d\u00e9pass\u00e9e. Le mouvement doux est votre meilleur alli\u00e9 pour favoriser le <strong>soulagement<\/strong>, \u00e0 condition de respecter les limites de votre corps.<\/p>\n\n<p>En cette ann\u00e9e 2026, nos modes de vie de plus en plus s\u00e9dentaires mettent notre syst\u00e8me musculo-squelettique \u00e0 rude \u00e9preuve. Le bas du dos encaisse des heures de postures statiques, ce qui favorise l&rsquo;irritation nerveuse. Face \u00e0 cette situation, l&rsquo;immobilit\u00e9 totale ne fait souvent qu&rsquo;aggraver la raideur.<\/p>\n\n<p>L&rsquo;objectif n&rsquo;est pas de battre des records de distance, mais de r\u00e9activer la pompe musculaire. Alterner des phases de marche adapt\u00e9es et des p\u00e9riodes de r\u00e9cup\u00e9ration permet de pr\u00e9server la <strong>mobilit\u00e9<\/strong> articulaire. C&rsquo;est un \u00e9quilibre subtil qu&rsquo;il convient d&rsquo;apprivoiser pour \u00e9viter toute rechute.<\/p>\n\n<h2 class=\"wp-block-heading\">Faut-il privil\u00e9gier la marche ou le repos lors d&rsquo;une crise de sciatique ?<\/h2>\n\n<p>La question du choix entre la <strong>marche<\/strong> et le <strong>repos<\/strong> taraude de nombreux patients confront\u00e9s \u00e0 cette souffrance irradiante. Longtemps, le repos strict au lit a \u00e9t\u00e9 prescrit comme le <strong>traitement<\/strong> de r\u00e9f\u00e9rence. Pourtant, les recherches scientifiques actuelles d\u00e9montrent le contraire.<\/p>\n\n<p>Rester couch\u00e9 de fa\u00e7on prolong\u00e9e entra\u00eene une fonte musculaire rapide et une perte de souplesse des <strong>tissus<\/strong>. Le nerf, d\u00e9j\u00e0 irrit\u00e9, risque de se figer dans son trajet anatomique. Le mouvement, au contraire, agit comme un lubrifiant naturel pour l&rsquo;ensemble du syst\u00e8me nerveux et articulaire.<\/p>\n\n<p>Il est donc recommand\u00e9 de maintenir une activit\u00e9 physique l\u00e9g\u00e8re le plus t\u00f4t possible. La cl\u00e9 r\u00e9side dans l&rsquo;\u00e9coute de la <strong>douleur<\/strong> : elle doit rester votre barom\u00e8tre. Si le fait d&rsquo;avancer d&rsquo;un pas r\u00e9veille une d\u00e9charge \u00e9lectrique insupportable, c&rsquo;est le signe qu&rsquo;il faut faire une pause.<\/p>\n\n<h3 class=\"wp-block-heading\">Pourquoi le mouvement doux surpasse-t-il l&rsquo;alitement prolong\u00e9 ?<\/h3>\n\n<p>La <strong>biom\u00e9canique<\/strong> de notre corps est con\u00e7ue pour le mouvement. Lorsque vous marchez, chaque pas cr\u00e9e de l\u00e9g\u00e8res contractions musculaires. Ces contractions favorisent un <strong>drainage<\/strong> naturel, aidant \u00e0 dissiper l&rsquo;\u0153d\u00e8me et l&rsquo;<strong>inflammation<\/strong> autour de la zone nerveuse comprim\u00e9e.<\/p>\n\n<p>De plus, la marche stimule la circulation sanguine, apportant l&rsquo;oxyg\u00e8ne et les nutriments essentiels \u00e0 la r\u00e9paration cellulaire. C&rsquo;est un moyen physiologique de lutter contre le <strong>blocage<\/strong> lombaire sans surcharger les disques intervert\u00e9braux.<\/p>\n\n<h2 class=\"wp-block-heading\">Comment diff\u00e9rencier une simple douleur d&rsquo;une urgence m\u00e9dicale ?<\/h2>\n\n<p>Avant d&rsquo;entreprendre toute activit\u00e9 physique, il est crucial d&rsquo;\u00e9carter ce que l&rsquo;on appelle les \u00ab\u00a0drapeaux rouges\u00a0\u00bb. Ce sont des signes cliniques qui indiquent une souffrance nerveuse s\u00e9v\u00e8re n\u00e9cessitant une prise en charge m\u00e9dicale imm\u00e9diate.<\/p>\n\n<p>Si la <strong>crise de sciatique<\/strong> s&rsquo;accompagne de sympt\u00f4mes inhabituels, il ne s&rsquo;agit plus d&rsquo;un simple <strong>dysfonctionnement<\/strong> m\u00e9canique. Voici les signes qui doivent vous alerter :<\/p>\n\n<ul class=\"wp-block-list\"><li>\ud83d\udea8 Une souffrance insupportable qui emp\u00eache de dormir ou de parler.<\/li><li>\ud83d\udcc9 Une perte de force \u00e9vidente dans la jambe (impossible de se tenir sur la pointe ou le talon).<\/li><li>\ud83e\uddfb Des troubles inexpliqu\u00e9s de la vessie ou des intestins (fuites ou r\u00e9tention).<\/li><li>\ud83e\uddca Une perte de sensibilit\u00e9 totale ou un engourdissement s\u00e9v\u00e8re (anesth\u00e9sie en selle).<\/li><li>\ud83e\udd12 L&rsquo;apparition d&rsquo;une fi\u00e8vre ou d&rsquo;une perte de poids inexpliqu\u00e9e.<\/li><\/ul>\n\n<figure class=\"is-provider-youtube is-type-video wp-block-embed wp-block-embed-youtube wp-embed-aspect-16-9 wp-has-aspect-ratio\"><div class=\"wp-block-embed__wrapper\">\n<iframe loading=\"lazy\" title=\"Sciatique\u00a0: Pourquoi vous avez plus mal la nuit\u202f?\" width=\"720\" height=\"405\" src=\"https:\/\/www.youtube.com\/embed\/6AXoxu1KTtA?feature=oembed\" frameborder=\"0\" allow=\"accelerometer; autoplay; clipboard-write; encrypted-media; gyroscope; picture-in-picture; web-share\" referrerpolicy=\"strict-origin-when-cross-origin\" allowfullscreen><\/iframe>\n<\/div><\/figure>\n\n<h3 class=\"wp-block-heading\">Comprendre l&rsquo;anatomie : d&rsquo;o\u00f9 vient cette douleur fulgurante ?<\/h3>\n\n<p>Le nerf sciatique est le nerf le plus long et le plus volumineux du corps humain. Ses racines prennent naissance au niveau des derni\u00e8res <strong>vert\u00e8bres<\/strong> lombaires (L4-L5) et du sacrum (L5-S1). Il descend ensuite \u00e0 travers la fesse, la cuisse, jusqu&rsquo;au pied.<\/p>\n\n<p>La souffrance survient g\u00e9n\u00e9ralement lorsqu&rsquo;une pression ou une irritation s&rsquo;exerce sur l&rsquo;une de ces racines. Cela peut \u00eatre d\u00fb \u00e0 une hernie discale, o\u00f9 le gel interne du disque comprime le nerf, ou \u00e0 de l&rsquo;arthrose qui r\u00e9tr\u00e9cit le canal lombaire. <\/p>\n\n<h2 class=\"wp-block-heading\">Quelles sont les meilleures postures et activit\u00e9s pour le soulagement ?<\/h2>\n\n<p>Adapter sa <strong>position<\/strong> au quotidien est tout aussi important que l&rsquo;exercice lui-m\u00eame. Si vous \u00e9tiez un marcheur r\u00e9gulier avant la crise, essayez de maintenir votre volume d&rsquo;activit\u00e9 en le fractionnant. Si vous \u00e9tiez s\u00e9dentaire, commencez par de tr\u00e8s courtes distances de 5 \u00e0 10 minutes.<\/p>\n\n<p>Il est pr\u00e9f\u00e9rable de r\u00e9aliser plusieurs petites promenades dans la journ\u00e9e plut\u00f4t qu&rsquo;une longue randonn\u00e9e \u00e9puisante. \u00c9vitez les terrains accident\u00e9s ou le bitume trop dur, et privil\u00e9giez des chaussures offrant un bon amorti.<\/p>\n\n<p>Voici un tableau r\u00e9capitulatif pour vous guider dans la gestion de votre activit\u00e9 :<\/p>\n\n<figure class=\"wp-block-table\"><table>\n<thead>\n<tr>\n<th>\ud83d\udd04 Profil du patient<\/th>\n<th>\ud83d\udeb6\u200d\u2642\ufe0f Action recommand\u00e9e<\/th>\n<th>\u26a0\ufe0f Pr\u00e9cautions \u00e0 prendre<\/th>\n<\/tr>\n<\/thead>\n<tbody>\n<tr>\n<td><strong>Douleur aigu\u00eb (li\u00e9e \u00e0 une position prolong\u00e9e)<\/strong><\/td>\n<td>Se lever et marcher imm\u00e9diatement.<\/td>\n<td>\u00c9viter de reprendre la position d\u00e9clenchante.<\/td>\n<\/tr>\n<tr>\n<td><strong>Marcheur r\u00e9gulier avant la crise<\/strong><\/td>\n<td>Maintenir la marche selon tol\u00e9rance.<\/td>\n<td>Fractionner le temps, ne pas forcer l&rsquo;amplitude.<\/td>\n<\/tr>\n<tr>\n<td><strong>Patient plut\u00f4t s\u00e9dentaire<\/strong><\/td>\n<td>D\u00e9buter par 5 \u00e0 10 min sur terrain plat.<\/td>\n<td>Augmenter la dur\u00e9e tr\u00e8s progressivement.<\/td>\n<\/tr>\n<\/tbody>\n<\/table><\/figure>\n\n<h3 class=\"wp-block-heading\">Comment l&rsquo;approche globale favorise-t-elle la r\u00e9cup\u00e9ration ?<\/h3>\n\n<p>L&rsquo;ost\u00e9opathie propose une <strong>approche globale<\/strong> du corps humain, consid\u00e9rant que chaque structure est interconnect\u00e9e. Un <strong>traitement manuel<\/strong> adapt\u00e9 vise \u00e0 redonner de la mobilit\u00e9 aux zones en restriction, qu&rsquo;elles se situent au niveau lombaire, du bassin ou m\u00eame des fascias environnants.<\/p>\n\n<p>Il est important de rappeler que cette th\u00e9rapie holistique vise la prise en charge des troubles fonctionnels et ne gu\u00e9rit en aucun cas des pathologies m\u00e9dicales graves. Elle intervient en compl\u00e9mentarit\u00e9 pour optimiser la m\u00e9canique corporelle.<\/p>\n\n<p>Si vos sympt\u00f4mes persistent au-del\u00e0 de quelques semaines ou s&rsquo;aggravent, une consultation m\u00e9dicale reste indispensable pour poser un diagnostic pr\u00e9cis et \u00e9carter toute l\u00e9sion n\u00e9cessitant un traitement m\u00e9dicamenteux ou chirurgical.<\/p>\n\n<figure class=\"is-provider-youtube is-type-video wp-block-embed wp-block-embed-youtube wp-embed-aspect-16-9 wp-has-aspect-ratio\"><div class=\"wp-block-embed__wrapper\">\n<iframe loading=\"lazy\" title=\"Comment soulager une sciatique persistante ?\" width=\"720\" height=\"405\" src=\"https:\/\/www.youtube.com\/embed\/KEyKgYkoViE?feature=oembed\" frameborder=\"0\" allow=\"accelerometer; autoplay; clipboard-write; encrypted-media; gyroscope; picture-in-picture; web-share\" referrerpolicy=\"strict-origin-when-cross-origin\" allowfullscreen><\/iframe>\n<\/div><\/figure>\n\n<h2 class=\"wp-block-heading\">Quelles alternatives \u00e0 la marche pour apaiser l&rsquo;inflammation nerveuse ?<\/h2>\n\n<p>Si la marche d\u00e9clenche de fortes irradiations d\u00e8s les premiers m\u00e8tres, il ne faut pas s&rsquo;acharner. Il existe d&rsquo;autres moyens de rester actif tout en d\u00e9chargeant le poids du corps sur la colonne vert\u00e9brale. L&rsquo;eau est un excellent alli\u00e9 dans ce contexte.<\/p>\n\n<p>La natation, ou simplement la marche dans l&rsquo;eau avec de l&rsquo;eau jusqu&rsquo;\u00e0 la taille, r\u00e9duit consid\u00e9rablement la pression sur les disques intervert\u00e9braux tout en offrant une r\u00e9sistance douce pour la <strong>musculation<\/strong> de soutien. <\/p>\n\n<p>Le v\u00e9lo d&rsquo;appartement (avec le dos bien droit) ou des exercices d&rsquo;\u00e9tirement cibl\u00e9s au sol peuvent aussi s&rsquo;av\u00e9rer b\u00e9n\u00e9fiques. La <strong>pr\u00e9vention<\/strong> des r\u00e9cidives passera toujours par un maintien de la force du tronc et une bonne hygi\u00e8ne posturale au quotidien.<\/p>\n\n<script type=\"application\/ld+json\">\n{\"@context\":\"https:\/\/schema.org\",\"@type\":\"FAQPage\",\"mainEntity\":[{\"@type\":\"Question\",\"name\":\"Faut-il forcer sur la douleur en marchant avec une sciatique ?\",\"acceptedAnswer\":{\"@type\":\"Answer\",\"text\":\"Non, il ne faut jamais forcer au-delu00e0 du supportable. La douleur est un signal d'alarme. L'objectif est de trouver le seuil ou00f9 le mouvement reste confortable pour oxygu00e9ner les tissus sans raviver l'inflammation du nerf.\"}},{\"@type\":\"Question\",\"name\":\"Le repos strict au lit est-il totalement interdit ?\",\"acceptedAnswer\":{\"@type\":\"Answer\",\"text\":\"Il n'est pas interdit, mais il doit u00eatre limitu00e9 au strict minimum. Quelques heures de repos peuvent soulager lors du pic inflammatoire aigu, mais prolonger l'alitement au-delu00e0 de 24 u00e0 48 heures risque d'enraidir les muscles et de retarder la guu00e9rison.\"}},{\"@type\":\"Question\",\"name\":\"La marche rapide est-elle plus efficace que la marche lente ?\",\"acceptedAnswer\":{\"@type\":\"Answer\",\"text\":\"En pu00e9riode de crise, la vitesse n'a aucune importance. L'essentiel est la ru00e9gularitu00e9 et la fluiditu00e9 du pas. Une marche lente u00e0 modu00e9ru00e9e sur un terrain plat est idu00e9ale pour mobiliser le bassin en douceur et u00e9viter les chocs articulaires.\"}},{\"@type\":\"Question\",\"name\":\"Quand faut-il absolument consulter un mu00e9decin ?\",\"acceptedAnswer\":{\"@type\":\"Answer\",\"text\":\"Si la douleur persiste sans amu00e9lioration au-delu00e0 de 3 mois, si elle s'accompagne de pertes de sensibilitu00e9, de faiblesses musculaires su00e9vu00e8res dans la jambe, ou de troubles urinaires, une consultation mu00e9dicale d'urgence est requise.\"}}]}\n<\/script>\n<h3>Faut-il forcer sur la douleur en marchant avec une sciatique ?<\/h3>\n<p>Non, il ne faut jamais forcer au-del\u00e0 du supportable. La douleur est un signal d&rsquo;alarme. L&rsquo;objectif est de trouver le seuil o\u00f9 le mouvement reste confortable pour oxyg\u00e9ner les tissus sans raviver l&rsquo;inflammation du nerf.<\/p>\n<h3>Le repos strict au lit est-il totalement interdit ?<\/h3>\n<p>Il n&rsquo;est pas interdit, mais il doit \u00eatre limit\u00e9 au strict minimum. Quelques heures de repos peuvent soulager lors du pic inflammatoire aigu, mais prolonger l&rsquo;alitement au-del\u00e0 de 24 \u00e0 48 heures risque d&rsquo;enraidir les muscles et de retarder la gu\u00e9rison.<\/p>\n<h3>La marche rapide est-elle plus efficace que la marche lente ?<\/h3>\n<p>En p\u00e9riode de crise, la vitesse n&rsquo;a aucune importance. L&rsquo;essentiel est la r\u00e9gularit\u00e9 et la fluidit\u00e9 du pas. Une marche lente \u00e0 mod\u00e9r\u00e9e sur un terrain plat est id\u00e9ale pour mobiliser le bassin en douceur et \u00e9viter les chocs articulaires.<\/p>\n<h3>Quand faut-il absolument consulter un m\u00e9decin ?<\/h3>\n<p>Si la douleur persiste sans am\u00e9lioration au-del\u00e0 de 3 mois, si elle s&rsquo;accompagne de pertes de sensibilit\u00e9, de faiblesses musculaires s\u00e9v\u00e8res dans la jambe, ou de troubles urinaires, une consultation m\u00e9dicale d&rsquo;urgence est requise.<\/p>\n\n","protected":false},"excerpt":{"rendered":"<p>Face \u00e0 une crise de sciatique, la r\u00e9ponse est claire : oui, il faut marcher, mais de mani\u00e8re raisonn\u00e9. L&rsquo;id\u00e9e&#8230;<\/p>\n","protected":false},"author":7,"featured_media":4445,"comment_status":"","ping_status":"","sticky":false,"template":"","format":"standard","meta":{"_kadence_starter_templates_imported_post":false,"_kad_post_transparent":"","_kad_post_title":"","_kad_post_layout":"","_kad_post_sidebar_id":"","_kad_post_content_style":"","_kad_post_vertical_padding":"","_kad_post_feature":"","_kad_post_feature_position":"","_kad_post_header":false,"_kad_post_footer":false,"_kad_post_classname":"","footnotes":""},"categories":[60],"tags":[],"class_list":["post-4446","post","type-post","status-publish","format-standard","has-post-thumbnail","hentry","category-osteopathie"],"yoast_head":"<!-- This site is optimized with the Yoast SEO plugin v27.5 - https:\/\/yoast.com\/product\/yoast-seo-wordpress\/ -->\n<title>\u25b7 Faut-il marcher ou se reposer en cas de crise de sciatique ?<\/title>\n<meta name=\"description\" content=\"Faut-il marcher ou se reposer lors d&#039;une crise de sciatique ? D\u00e9couvrez nos conseils pour soulager la douleur efficacement.\" \/>\n<meta name=\"robots\" content=\"index, follow, max-snippet:-1, max-image-preview:large, max-video-preview:-1\" \/>\n<link rel=\"canonical\" href=\"https:\/\/ns-osteo.fr\/blog\/faut-il-marcher-ou-se-reposer-en-cas-de-crise-de-sciatique\/\" \/>\n<meta property=\"og:locale\" content=\"fr_FR\" \/>\n<meta property=\"og:type\" content=\"article\" \/>\n<meta property=\"og:title\" content=\"\u25b7 Faut-il marcher ou se reposer en cas de crise de sciatique ?\" \/>\n<meta property=\"og:description\" content=\"Faut-il marcher ou se reposer lors d&#039;une crise de sciatique ? D\u00e9couvrez nos conseils pour soulager la douleur efficacement.\" \/>\n<meta property=\"og:url\" content=\"https:\/\/ns-osteo.fr\/blog\/faut-il-marcher-ou-se-reposer-en-cas-de-crise-de-sciatique\/\" \/>\n<meta property=\"og:site_name\" content=\"NS OSTEO\" \/>\n<meta property=\"article:published_time\" content=\"2026-03-12T06:35:01+00:00\" \/>\n<meta property=\"og:image\" content=\"https:\/\/ns-osteo.fr\/blog\/wp-content\/uploads\/2026\/03\/Faut-il-marcher-ou-se-reposer-en-cas-de-crise-de-sciatique-.png\" \/>\n\t<meta property=\"og:image:width\" content=\"1344\" \/>\n\t<meta property=\"og:image:height\" content=\"768\" \/>\n\t<meta property=\"og:image:type\" content=\"image\/png\" \/>\n<meta name=\"author\" content=\"Quentin\" \/>\n<meta name=\"twitter:card\" content=\"summary_large_image\" \/>\n<meta name=\"twitter:label1\" content=\"\u00c9crit par\" \/>\n\t<meta name=\"twitter:data1\" content=\"Quentin\" \/>\n\t<meta name=\"twitter:label2\" content=\"Dur\u00e9e de lecture estim\u00e9e\" \/>\n\t<meta name=\"twitter:data2\" content=\"6 minutes\" \/>\n<script type=\"application\/ld+json\" class=\"yoast-schema-graph\">{\"@context\":\"https:\\\/\\\/schema.org\",\"@graph\":[{\"@type\":\"Article\",\"@id\":\"https:\\\/\\\/ns-osteo.fr\\\/blog\\\/faut-il-marcher-ou-se-reposer-en-cas-de-crise-de-sciatique\\\/#article\",\"isPartOf\":{\"@id\":\"https:\\\/\\\/ns-osteo.fr\\\/blog\\\/faut-il-marcher-ou-se-reposer-en-cas-de-crise-de-sciatique\\\/\"},\"author\":{\"name\":\"Quentin\",\"@id\":\"https:\\\/\\\/ns-osteo.fr\\\/blog\\\/#\\\/schema\\\/person\\\/9a59cedf8f0450fcac67e2eef85497be\"},\"headline\":\"Faut-il marcher ou se reposer en cas de crise de sciatique ?\",\"datePublished\":\"2026-03-12T06:35:01+00:00\",\"mainEntityOfPage\":{\"@id\":\"https:\\\/\\\/ns-osteo.fr\\\/blog\\\/faut-il-marcher-ou-se-reposer-en-cas-de-crise-de-sciatique\\\/\"},\"wordCount\":1367,\"publisher\":{\"@id\":\"https:\\\/\\\/ns-osteo.fr\\\/blog\\\/#organization\"},\"image\":{\"@id\":\"https:\\\/\\\/ns-osteo.fr\\\/blog\\\/faut-il-marcher-ou-se-reposer-en-cas-de-crise-de-sciatique\\\/#primaryimage\"},\"thumbnailUrl\":\"https:\\\/\\\/ns-osteo.fr\\\/blog\\\/wp-content\\\/uploads\\\/2026\\\/03\\\/Faut-il-marcher-ou-se-reposer-en-cas-de-crise-de-sciatique-.png\",\"articleSection\":[\"Ost\u00e9opathie\"],\"inLanguage\":\"fr-FR\"},{\"@type\":\"WebPage\",\"@id\":\"https:\\\/\\\/ns-osteo.fr\\\/blog\\\/faut-il-marcher-ou-se-reposer-en-cas-de-crise-de-sciatique\\\/\",\"url\":\"https:\\\/\\\/ns-osteo.fr\\\/blog\\\/faut-il-marcher-ou-se-reposer-en-cas-de-crise-de-sciatique\\\/\",\"name\":\"\u25b7 Faut-il marcher ou se reposer en cas de crise de sciatique ?\",\"isPartOf\":{\"@id\":\"https:\\\/\\\/ns-osteo.fr\\\/blog\\\/#website\"},\"primaryImageOfPage\":{\"@id\":\"https:\\\/\\\/ns-osteo.fr\\\/blog\\\/faut-il-marcher-ou-se-reposer-en-cas-de-crise-de-sciatique\\\/#primaryimage\"},\"image\":{\"@id\":\"https:\\\/\\\/ns-osteo.fr\\\/blog\\\/faut-il-marcher-ou-se-reposer-en-cas-de-crise-de-sciatique\\\/#primaryimage\"},\"thumbnailUrl\":\"https:\\\/\\\/ns-osteo.fr\\\/blog\\\/wp-content\\\/uploads\\\/2026\\\/03\\\/Faut-il-marcher-ou-se-reposer-en-cas-de-crise-de-sciatique-.png\",\"datePublished\":\"2026-03-12T06:35:01+00:00\",\"description\":\"Faut-il marcher ou se reposer lors d'une crise de sciatique ? D\u00e9couvrez nos conseils pour soulager la douleur efficacement.\",\"breadcrumb\":{\"@id\":\"https:\\\/\\\/ns-osteo.fr\\\/blog\\\/faut-il-marcher-ou-se-reposer-en-cas-de-crise-de-sciatique\\\/#breadcrumb\"},\"inLanguage\":\"fr-FR\",\"potentialAction\":[{\"@type\":\"ReadAction\",\"target\":[\"https:\\\/\\\/ns-osteo.fr\\\/blog\\\/faut-il-marcher-ou-se-reposer-en-cas-de-crise-de-sciatique\\\/\"]}]},{\"@type\":\"ImageObject\",\"inLanguage\":\"fr-FR\",\"@id\":\"https:\\\/\\\/ns-osteo.fr\\\/blog\\\/faut-il-marcher-ou-se-reposer-en-cas-de-crise-de-sciatique\\\/#primaryimage\",\"url\":\"https:\\\/\\\/ns-osteo.fr\\\/blog\\\/wp-content\\\/uploads\\\/2026\\\/03\\\/Faut-il-marcher-ou-se-reposer-en-cas-de-crise-de-sciatique-.png\",\"contentUrl\":\"https:\\\/\\\/ns-osteo.fr\\\/blog\\\/wp-content\\\/uploads\\\/2026\\\/03\\\/Faut-il-marcher-ou-se-reposer-en-cas-de-crise-de-sciatique-.png\",\"width\":1344,\"height\":768,\"caption\":\"d\u00e9couvrez si marcher ou se reposer est pr\u00e9f\u00e9rable lors d'une crise de sciatique, avec des conseils pour soulager la douleur et favoriser la r\u00e9cup\u00e9ration.\"},{\"@type\":\"BreadcrumbList\",\"@id\":\"https:\\\/\\\/ns-osteo.fr\\\/blog\\\/faut-il-marcher-ou-se-reposer-en-cas-de-crise-de-sciatique\\\/#breadcrumb\",\"itemListElement\":[{\"@type\":\"ListItem\",\"position\":1,\"name\":\"Accueil\",\"item\":\"https:\\\/\\\/ns-osteo.fr\\\/blog\\\/\"},{\"@type\":\"ListItem\",\"position\":2,\"name\":\"Ost\u00e9opathie\",\"item\":\"https:\\\/\\\/ns-osteo.fr\\\/blog\\\/osteopathie\\\/\"},{\"@type\":\"ListItem\",\"position\":3,\"name\":\"Faut-il marcher ou se reposer en cas de crise de sciatique ?\"}]},{\"@type\":\"WebSite\",\"@id\":\"https:\\\/\\\/ns-osteo.fr\\\/blog\\\/#website\",\"url\":\"https:\\\/\\\/ns-osteo.fr\\\/blog\\\/\",\"name\":\"NS OSTEO\",\"description\":\"Trouvez un ost\u00e9opathe pr\u00e8s de chez vous\",\"publisher\":{\"@id\":\"https:\\\/\\\/ns-osteo.fr\\\/blog\\\/#organization\"},\"potentialAction\":[{\"@type\":\"SearchAction\",\"target\":{\"@type\":\"EntryPoint\",\"urlTemplate\":\"https:\\\/\\\/ns-osteo.fr\\\/blog\\\/?s={search_term_string}\"},\"query-input\":{\"@type\":\"PropertyValueSpecification\",\"valueRequired\":true,\"valueName\":\"search_term_string\"}}],\"inLanguage\":\"fr-FR\"},{\"@type\":\"Organization\",\"@id\":\"https:\\\/\\\/ns-osteo.fr\\\/blog\\\/#organization\",\"name\":\"NS OSTEO\",\"url\":\"https:\\\/\\\/ns-osteo.fr\\\/blog\\\/\",\"logo\":{\"@type\":\"ImageObject\",\"inLanguage\":\"fr-FR\",\"@id\":\"https:\\\/\\\/ns-osteo.fr\\\/blog\\\/#\\\/schema\\\/logo\\\/image\\\/\",\"url\":\"https:\\\/\\\/ns-osteo.fr\\\/blog\\\/wp-content\\\/uploads\\\/2026\\\/02\\\/cropped-ns-osteo.png\",\"contentUrl\":\"https:\\\/\\\/ns-osteo.fr\\\/blog\\\/wp-content\\\/uploads\\\/2026\\\/02\\\/cropped-ns-osteo.png\",\"width\":511,\"height\":512,\"caption\":\"NS OSTEO\"},\"image\":{\"@id\":\"https:\\\/\\\/ns-osteo.fr\\\/blog\\\/#\\\/schema\\\/logo\\\/image\\\/\"}},{\"@type\":\"Person\",\"@id\":\"https:\\\/\\\/ns-osteo.fr\\\/blog\\\/#\\\/schema\\\/person\\\/9a59cedf8f0450fcac67e2eef85497be\",\"name\":\"Quentin\",\"image\":{\"@type\":\"ImageObject\",\"inLanguage\":\"fr-FR\",\"@id\":\"https:\\\/\\\/secure.gravatar.com\\\/avatar\\\/?s=96&d=identicon&r=g\",\"url\":\"https:\\\/\\\/secure.gravatar.com\\\/avatar\\\/?s=96&d=identicon&r=g\",\"contentUrl\":\"https:\\\/\\\/secure.gravatar.com\\\/avatar\\\/?s=96&d=identicon&r=g\",\"caption\":\"Quentin\"},\"description\":\"Ost\u00e9opathe passionn\u00e9 de 33 ans, j'accompagne chacun vers un mieux-\u00eatre durable gr\u00e2ce \u00e0 des techniques manuelles adapt\u00e9es. Mon approche allie expertise et \u00e9coute attentive pour restaurer l'\u00e9quilibre du corps.\"}]}<\/script>\n<!-- \/ Yoast SEO plugin. -->","yoast_head_json":{"title":"\u25b7 Faut-il marcher ou se reposer en cas de crise de sciatique ?","description":"Faut-il marcher ou se reposer lors d'une crise de sciatique ? D\u00e9couvrez nos conseils pour soulager la douleur efficacement.","robots":{"index":"index","follow":"follow","max-snippet":"max-snippet:-1","max-image-preview":"max-image-preview:large","max-video-preview":"max-video-preview:-1"},"canonical":"https:\/\/ns-osteo.fr\/blog\/faut-il-marcher-ou-se-reposer-en-cas-de-crise-de-sciatique\/","og_locale":"fr_FR","og_type":"article","og_title":"\u25b7 Faut-il marcher ou se reposer en cas de crise de sciatique ?","og_description":"Faut-il marcher ou se reposer lors d'une crise de sciatique ? D\u00e9couvrez nos conseils pour soulager la douleur efficacement.","og_url":"https:\/\/ns-osteo.fr\/blog\/faut-il-marcher-ou-se-reposer-en-cas-de-crise-de-sciatique\/","og_site_name":"NS OSTEO","article_published_time":"2026-03-12T06:35:01+00:00","og_image":[{"width":1344,"height":768,"url":"https:\/\/ns-osteo.fr\/blog\/wp-content\/uploads\/2026\/03\/Faut-il-marcher-ou-se-reposer-en-cas-de-crise-de-sciatique-.png","type":"image\/png"}],"author":"Quentin","twitter_card":"summary_large_image","twitter_misc":{"\u00c9crit par":"Quentin","Dur\u00e9e de lecture estim\u00e9e":"6 minutes"},"schema":{"@context":"https:\/\/schema.org","@graph":[{"@type":"Article","@id":"https:\/\/ns-osteo.fr\/blog\/faut-il-marcher-ou-se-reposer-en-cas-de-crise-de-sciatique\/#article","isPartOf":{"@id":"https:\/\/ns-osteo.fr\/blog\/faut-il-marcher-ou-se-reposer-en-cas-de-crise-de-sciatique\/"},"author":{"name":"Quentin","@id":"https:\/\/ns-osteo.fr\/blog\/#\/schema\/person\/9a59cedf8f0450fcac67e2eef85497be"},"headline":"Faut-il marcher ou se reposer en cas de crise de sciatique ?","datePublished":"2026-03-12T06:35:01+00:00","mainEntityOfPage":{"@id":"https:\/\/ns-osteo.fr\/blog\/faut-il-marcher-ou-se-reposer-en-cas-de-crise-de-sciatique\/"},"wordCount":1367,"publisher":{"@id":"https:\/\/ns-osteo.fr\/blog\/#organization"},"image":{"@id":"https:\/\/ns-osteo.fr\/blog\/faut-il-marcher-ou-se-reposer-en-cas-de-crise-de-sciatique\/#primaryimage"},"thumbnailUrl":"https:\/\/ns-osteo.fr\/blog\/wp-content\/uploads\/2026\/03\/Faut-il-marcher-ou-se-reposer-en-cas-de-crise-de-sciatique-.png","articleSection":["Ost\u00e9opathie"],"inLanguage":"fr-FR"},{"@type":"WebPage","@id":"https:\/\/ns-osteo.fr\/blog\/faut-il-marcher-ou-se-reposer-en-cas-de-crise-de-sciatique\/","url":"https:\/\/ns-osteo.fr\/blog\/faut-il-marcher-ou-se-reposer-en-cas-de-crise-de-sciatique\/","name":"\u25b7 Faut-il marcher ou se reposer en cas de crise de sciatique ?","isPartOf":{"@id":"https:\/\/ns-osteo.fr\/blog\/#website"},"primaryImageOfPage":{"@id":"https:\/\/ns-osteo.fr\/blog\/faut-il-marcher-ou-se-reposer-en-cas-de-crise-de-sciatique\/#primaryimage"},"image":{"@id":"https:\/\/ns-osteo.fr\/blog\/faut-il-marcher-ou-se-reposer-en-cas-de-crise-de-sciatique\/#primaryimage"},"thumbnailUrl":"https:\/\/ns-osteo.fr\/blog\/wp-content\/uploads\/2026\/03\/Faut-il-marcher-ou-se-reposer-en-cas-de-crise-de-sciatique-.png","datePublished":"2026-03-12T06:35:01+00:00","description":"Faut-il marcher ou se reposer lors d'une crise de sciatique ? D\u00e9couvrez nos conseils pour soulager la douleur efficacement.","breadcrumb":{"@id":"https:\/\/ns-osteo.fr\/blog\/faut-il-marcher-ou-se-reposer-en-cas-de-crise-de-sciatique\/#breadcrumb"},"inLanguage":"fr-FR","potentialAction":[{"@type":"ReadAction","target":["https:\/\/ns-osteo.fr\/blog\/faut-il-marcher-ou-se-reposer-en-cas-de-crise-de-sciatique\/"]}]},{"@type":"ImageObject","inLanguage":"fr-FR","@id":"https:\/\/ns-osteo.fr\/blog\/faut-il-marcher-ou-se-reposer-en-cas-de-crise-de-sciatique\/#primaryimage","url":"https:\/\/ns-osteo.fr\/blog\/wp-content\/uploads\/2026\/03\/Faut-il-marcher-ou-se-reposer-en-cas-de-crise-de-sciatique-.png","contentUrl":"https:\/\/ns-osteo.fr\/blog\/wp-content\/uploads\/2026\/03\/Faut-il-marcher-ou-se-reposer-en-cas-de-crise-de-sciatique-.png","width":1344,"height":768,"caption":"d\u00e9couvrez si marcher ou se reposer est pr\u00e9f\u00e9rable lors d'une crise de sciatique, avec des conseils pour soulager la douleur et favoriser la r\u00e9cup\u00e9ration."},{"@type":"BreadcrumbList","@id":"https:\/\/ns-osteo.fr\/blog\/faut-il-marcher-ou-se-reposer-en-cas-de-crise-de-sciatique\/#breadcrumb","itemListElement":[{"@type":"ListItem","position":1,"name":"Accueil","item":"https:\/\/ns-osteo.fr\/blog\/"},{"@type":"ListItem","position":2,"name":"Ost\u00e9opathie","item":"https:\/\/ns-osteo.fr\/blog\/osteopathie\/"},{"@type":"ListItem","position":3,"name":"Faut-il marcher ou se reposer en cas de crise de sciatique ?"}]},{"@type":"WebSite","@id":"https:\/\/ns-osteo.fr\/blog\/#website","url":"https:\/\/ns-osteo.fr\/blog\/","name":"NS OSTEO","description":"Trouvez un ost\u00e9opathe pr\u00e8s de chez vous","publisher":{"@id":"https:\/\/ns-osteo.fr\/blog\/#organization"},"potentialAction":[{"@type":"SearchAction","target":{"@type":"EntryPoint","urlTemplate":"https:\/\/ns-osteo.fr\/blog\/?s={search_term_string}"},"query-input":{"@type":"PropertyValueSpecification","valueRequired":true,"valueName":"search_term_string"}}],"inLanguage":"fr-FR"},{"@type":"Organization","@id":"https:\/\/ns-osteo.fr\/blog\/#organization","name":"NS OSTEO","url":"https:\/\/ns-osteo.fr\/blog\/","logo":{"@type":"ImageObject","inLanguage":"fr-FR","@id":"https:\/\/ns-osteo.fr\/blog\/#\/schema\/logo\/image\/","url":"https:\/\/ns-osteo.fr\/blog\/wp-content\/uploads\/2026\/02\/cropped-ns-osteo.png","contentUrl":"https:\/\/ns-osteo.fr\/blog\/wp-content\/uploads\/2026\/02\/cropped-ns-osteo.png","width":511,"height":512,"caption":"NS OSTEO"},"image":{"@id":"https:\/\/ns-osteo.fr\/blog\/#\/schema\/logo\/image\/"}},{"@type":"Person","@id":"https:\/\/ns-osteo.fr\/blog\/#\/schema\/person\/9a59cedf8f0450fcac67e2eef85497be","name":"Quentin","image":{"@type":"ImageObject","inLanguage":"fr-FR","@id":"https:\/\/secure.gravatar.com\/avatar\/?s=96&d=identicon&r=g","url":"https:\/\/secure.gravatar.com\/avatar\/?s=96&d=identicon&r=g","contentUrl":"https:\/\/secure.gravatar.com\/avatar\/?s=96&d=identicon&r=g","caption":"Quentin"},"description":"Ost\u00e9opathe passionn\u00e9 de 33 ans, j'accompagne chacun vers un mieux-\u00eatre durable gr\u00e2ce \u00e0 des techniques manuelles adapt\u00e9es. Mon approche allie expertise et \u00e9coute attentive pour restaurer l'\u00e9quilibre du corps."}]}},"_links":{"self":[{"href":"https:\/\/ns-osteo.fr\/blog\/wp-json\/wp\/v2\/posts\/4446","targetHints":{"allow":["GET"]}}],"collection":[{"href":"https:\/\/ns-osteo.fr\/blog\/wp-json\/wp\/v2\/posts"}],"about":[{"href":"https:\/\/ns-osteo.fr\/blog\/wp-json\/wp\/v2\/types\/post"}],"author":[{"embeddable":true,"href":"https:\/\/ns-osteo.fr\/blog\/wp-json\/wp\/v2\/users\/7"}],"replies":[{"embeddable":true,"href":"https:\/\/ns-osteo.fr\/blog\/wp-json\/wp\/v2\/comments?post=4446"}],"version-history":[{"count":0,"href":"https:\/\/ns-osteo.fr\/blog\/wp-json\/wp\/v2\/posts\/4446\/revisions"}],"wp:featuredmedia":[{"embeddable":true,"href":"https:\/\/ns-osteo.fr\/blog\/wp-json\/wp\/v2\/media\/4445"}],"wp:attachment":[{"href":"https:\/\/ns-osteo.fr\/blog\/wp-json\/wp\/v2\/media?parent=4446"}],"wp:term":[{"taxonomy":"category","embeddable":true,"href":"https:\/\/ns-osteo.fr\/blog\/wp-json\/wp\/v2\/categories?post=4446"},{"taxonomy":"post_tag","embeddable":true,"href":"https:\/\/ns-osteo.fr\/blog\/wp-json\/wp\/v2\/tags?post=4446"}],"curies":[{"name":"wp","href":"https:\/\/api.w.org\/{rel}","templated":true}]}}