{"id":4454,"date":"2026-03-18T07:33:18","date_gmt":"2026-03-18T06:33:18","guid":{"rendered":"https:\/\/ns-osteo.fr\/pourquoi-a-t-on-plus-mal-apres-une-seance-dosteopathie\/"},"modified":"2026-03-18T07:33:18","modified_gmt":"2026-03-18T06:33:18","slug":"pourquoi-a-t-on-plus-mal-apres-une-seance-dosteopathie","status":"publish","type":"post","link":"https:\/\/ns-osteo.fr\/blog\/pourquoi-a-t-on-plus-mal-apres-une-seance-dosteopathie\/","title":{"rendered":"Pourquoi a-t-on plus mal apr\u00e8s une s\u00e9ance d&rsquo;ost\u00e9opathie ?"},"content":{"rendered":"<p><strong>Ressentir une douleur accrue ou une grande fatigue apr\u00e8s une s\u00e9ance d&rsquo;ost\u00e9opathie correspond \u00e0 l'\u00a0\u00bbeffet rebond\u00a0\u00bb, une r\u00e9action physiologique normale indiquant que le corps int\u00e8gre le traitement et entame son processus d&rsquo;autogu\u00e9rison.<\/strong> L&rsquo;ost\u00e9opathie, par son approche holistique, vise \u00e0 r\u00e9\u00e9quilibrer le syst\u00e8me musculo-squelettique dans son ensemble. Lorsqu&rsquo;un ancien blocage est lev\u00e9, l&rsquo;organisme entier doit retrouver de nouveaux rep\u00e8res de mobilit\u00e9.<\/p>\n\n<p>Cette p\u00e9riode de transition tissulaire et neurologique peut temporairement r\u00e9veiller certaines sensibilit\u00e9s ou cr\u00e9er de nouvelles tensions. Il ne faut donc pas s&rsquo;inqui\u00e9ter outre mesure en sortant du cabinet avec la sensation d&rsquo;avoir couru un marathon physique. En cette ann\u00e9e 2026, o\u00f9 les rythmes de vie g\u00e9n\u00e8rent un stress corporel constant, accorder ce temps d&rsquo;int\u00e9gration \u00e0 sa structure est devenu indispensable.<\/p>\n\n<p>Le traitement manuel ne masque pas le sympt\u00f4me, il traite le dysfonctionnement \u00e0 la source pour une am\u00e9lioration durable. L&rsquo;inconfort ressenti prouve que la biom\u00e9canique articulaire et fasciale se remet activement en mouvement. Rassurez-vous, ce cap d\u00e9licat est toujours temporaire et annonce le plus souvent un rel\u00e2chement profond de la zone trait\u00e9e.<\/p>\n\n<h2 class=\"wp-block-heading\">Pourquoi l&rsquo;apparition de douleurs est-elle normale apr\u00e8s une manipulation ?<\/h2>\n\n<p>Une s\u00e9ance agit comme un v\u00e9ritable bouton de r\u00e9initialisation pour la posture globale du patient. Le corps a souvent accumul\u00e9 des tensions et des compensations pendant des mois, voire des ann\u00e9es, pour \u00e9viter la g\u00eane initiale. En lib\u00e9rant une restriction de mobilit\u00e9, la structure perd ses appuis compensatoires.<\/p>\n\n<p>En travaillant sur les vert\u00e8bres ou en rel\u00e2chant un fascia profond, de nouvelles informations neurologiques sont envoy\u00e9es au syst\u00e8me nerveux central. Cette r\u00e9organisation massive de la posture demande une \u00e9nergie m\u00e9tabolique consid\u00e9rable \u00e0 l&rsquo;organisme pour retrouver son \u00e9quilibre. Il en r\u00e9sulte une inflammation physiologique transitoire, totalement indispensable au processus de gu\u00e9rison.<\/p>\n\n<p>Les tissus se gorgent alors de sang pour faciliter le drainage des toxines accumul\u00e9es dans les zones de stase au fil du temps. Rappelez-vous toujours que l&rsquo;ost\u00e9opathie accompagne les troubles fonctionnels, mais ne remplace en aucun cas un suivi m\u00e9dical classique si les sympt\u00f4mes s&rsquo;aggravent ou qu&rsquo;une pathologie grave est suspect\u00e9e.<\/p>\n\n<h3 class=\"wp-block-heading\">Comment le syst\u00e8me musculo-squelettique r\u00e9agit-il au traitement manuel ?<\/h3>\n\n<p>L&rsquo;approche globale propre \u00e0 cette th\u00e9rapie implique qu&rsquo;une action sur la sph\u00e8re cr\u00e2nienne ou visc\u00e9rale peut faire r\u00e9agir le bassin. Le corps humain fonctionne comme une toile d&rsquo;araign\u00e9e extr\u00eamement complexe o\u00f9 tout est reli\u00e9. Lorsque l&rsquo;on redonne de l&rsquo;amplitude \u00e0 une zone restreinte, les muscles adjacents doivent modifier leur tension de repos.<\/p>\n\n<p>Cette adaptation m\u00e9canique engendre tr\u00e8s souvent une courbature, y compris dans des zones \u00e9loign\u00e9es du motif de consultation d&rsquo;origine. C&rsquo;est la preuve irr\u00e9futable que le sch\u00e9ma postural fautif se d\u00e9construit pour laisser place \u00e0 une dynamique plus saine et p\u00e9renne. L&rsquo;organisme s&rsquo;autor\u00e9gule de mani\u00e8re autonome.<\/p>\n\n<figure class=\"is-provider-youtube is-type-video wp-block-embed wp-block-embed-youtube wp-embed-aspect-16-9 wp-has-aspect-ratio\"><div class=\"wp-block-embed__wrapper\">\n<iframe loading=\"lazy\" title=\"Craquement pied pour douleur externe de genou #osteo #douleur #pied #genou #craque\" width=\"720\" height=\"405\" src=\"https:\/\/www.youtube.com\/embed\/qWdAYrbC0BQ?feature=oembed\" frameborder=\"0\" allow=\"accelerometer; autoplay; clipboard-write; encrypted-media; gyroscope; picture-in-picture; web-share\" referrerpolicy=\"strict-origin-when-cross-origin\" allowfullscreen><\/iframe>\n<\/div><\/figure>\n\n<h2 class=\"wp-block-heading\">Quelle est la dur\u00e9e classique de ces r\u00e9actions apr\u00e8s une consultation ?<\/h2>\n\n<p>La fen\u00eatre d&rsquo;adaptation varie grandement d&rsquo;un individu \u00e0 l&rsquo;autre, selon son niveau de stress corporel, son \u00e2ge ou la chronicit\u00e9 des troubles. En moyenne, l&rsquo;inconfort tissulaire culmine dans les 24 \u00e0 48 premi\u00e8res heures suivant la manipulation douce ou structurelle. Le corps est en plein chantier interne.<\/p>\n\n<p>Le cap des 72 heures marque g\u00e9n\u00e9ralement la fin de cette p\u00e9riode de transition neurologique et physique. La sensation de lourdeur globale s&rsquo;estompe naturellement pour laisser place \u00e0 un r\u00e9el soulagement de la douleur. Si la r\u00e9action d&rsquo;adaptation s&rsquo;\u00e9ternise au-del\u00e0 d&rsquo;une semaine, il reste judicieux de solliciter \u00e0 nouveau le cabinet pour faire le point.<\/p>\n\n<p>Un organisme tr\u00e8s encrass\u00e9, s\u00e9dentaire ou \u00e9puis\u00e9 mettra math\u00e9matiquement plus de temps \u00e0 assimiler les corrections articulaires. La capacit\u00e9 de r\u00e9cup\u00e9ration d\u00e9pend intimement de la vitalit\u00e9 g\u00e9n\u00e9rale du patient au moment de la consultation.<\/p>\n\n<h3 class=\"wp-block-heading\">Quels sont les sympt\u00f4mes typiques de cette phase d&rsquo;adaptation ?<\/h3>\n\n<p>Le r\u00e9\u00e9quilibrage du corps s&rsquo;exprime par divers signaux qu&rsquo;il faut savoir accueillir avec une grande bienveillance. Voici les manifestations li\u00e9es \u00e0 l&rsquo;effet rebond les plus couramment rapport\u00e9es en cabinet :<\/p>\n\n<ul class=\"wp-block-list\"><li>\ud83e\udd15 <strong>Des courbatures diffuses<\/strong>, semblables \u00e0 celles ressenties apr\u00e8s un effort sportif inhabituel.<\/li><li>\ud83d\ude34 <strong>Une fatigue intense<\/strong> ou une sensation de brouillard n\u00e9cessitant un bon temps de sommeil r\u00e9parateur.<\/li><li>\ud83d\udd25 <strong>Une exacerbation temporaire<\/strong> du motif de consultation avant de s&rsquo;att\u00e9nuer durablement.<\/li><li>\ud83c\udf2a\ufe0f <strong>Des troubles digestifs passagers<\/strong> (transit ralenti, ballonnements) suite \u00e0 un travail de la sph\u00e8re abdominale.<\/li><\/ul>\n\n<p>Il est crucial de respecter ces signaux pour ne pas entraver le d\u00e9licat travail tissulaire en cours. Forcer sur la douleur serait contre-productif pour l&rsquo;int\u00e9gration du traitement.<\/p>\n\n<h2 class=\"wp-block-heading\">Que faire pour soulager cet inconfort \u00e0 la maison ?<\/h2>\n\n<p>Adopter les bons r\u00e9flexes au quotidien permet d&rsquo;acc\u00e9l\u00e9rer le retour au confort de mani\u00e8re tr\u00e8s significative. Une hydratation optimale est la meilleure alli\u00e9e pour relancer le drainage des d\u00e9chets m\u00e9taboliques remis en circulation. Visez un apport d&rsquo;au moins 1,5 \u00e0 2 litres d&rsquo;eau pure par jour pour nettoyer les tissus cibl\u00e9s.<\/p>\n\n<p>L&rsquo;application d&rsquo;une source de chaleur douce (comme une bouillotte) sur les zones musculaires endolories favorise une excellente vasodilatation. Cela apaise la tension nerveuse locale et diminue la sensation de raideur articulaire. Il faut toutefois savoir diff\u00e9rencier une simple r\u00e9action d&rsquo;adaptation d&rsquo;une probl\u00e9matique n\u00e9cessitant un avis m\u00e9dical urgent.<\/p>\n\n<figure class=\"wp-block-table\"><table>\n<thead>\n<tr>\n<th>\ud83d\udd0d Param\u00e8tres observ\u00e9s<\/th>\n<th>\u2705 R\u00e9action normale (Effet rebond)<\/th>\n<th>\ud83d\udea8 Signal d&rsquo;alerte (Consultation requise)<\/th>\n<\/tr>\n<\/thead>\n<tbody>\n<tr>\n<td><strong>Intensit\u00e9 de la g\u00eane<\/strong><\/td>\n<td>Supportable, sensation de tiraillement sourd<\/td>\n<td>Aigu\u00eb, insupportable, emp\u00eache le sommeil<\/td>\n<\/tr>\n<tr>\n<td><strong>Dur\u00e9e d&rsquo;apparition<\/strong><\/td>\n<td>Se dissipe entre 24 et 72 heures<\/td>\n<td>Persiste ou s&rsquo;aggrave au-del\u00e0 de 4 \u00e0 5 jours<\/td>\n<\/tr>\n<tr>\n<td><strong>Localisation physique<\/strong><\/td>\n<td>Sensation diffuse ou locale sur la zone trait\u00e9e<\/td>\n<td>Trajet nerveux pr\u00e9cis (type sciatique soudaine)<\/td>\n<\/tr>\n<tr>\n<td><strong>\u00c9tat de sant\u00e9 g\u00e9n\u00e9ral<\/strong><\/td>\n<td>Fatigue saine, besoin physiologique de repos<\/td>\n<td>Apparition de fi\u00e8vre, naus\u00e9es, perte de force motrice<\/td>\n<\/tr>\n<\/tbody>\n<\/table><\/figure>\n\n<figure class=\"is-provider-youtube is-type-video wp-block-embed wp-block-embed-youtube wp-embed-aspect-16-9 wp-has-aspect-ratio\"><div class=\"wp-block-embed__wrapper\">\n<iframe loading=\"lazy\" title=\"Craquement Bassin #craquement #osteopathie\" width=\"720\" height=\"405\" src=\"https:\/\/www.youtube.com\/embed\/kInBfRzvDng?feature=oembed\" frameborder=\"0\" allow=\"accelerometer; autoplay; clipboard-write; encrypted-media; gyroscope; picture-in-picture; web-share\" referrerpolicy=\"strict-origin-when-cross-origin\" allowfullscreen><\/iframe>\n<\/div><\/figure>\n\n<h3 class=\"wp-block-heading\">Quels sont les gestes de pr\u00e9vention \u00e0 adopter ?<\/h3>\n\n<p>Pour ne pas compromettre les b\u00e9n\u00e9fices acquis durant la s\u00e9ance, une r\u00e8gle fondamentale s&rsquo;impose : le repos relatif. Il est imp\u00e9ratif de suspendre toute activit\u00e9 sportive intense ou tout entra\u00eenement asym\u00e9trique pendant au moins deux jours complets. Le syst\u00e8me musculo-squelettique est trop vuln\u00e9rable durant cette fen\u00eatre.<\/p>\n\n<p>\u00c9vitez rigoureusement les postures contraignantes prolong\u00e9es, comme les longs trajets en voiture, le pi\u00e9tinement ou le port de charges lourdes. Privil\u00e9giez plut\u00f4t des \u00e9tirements passifs extr\u00eamement doux et une marche tranquille pour maintenir une bonne oxyg\u00e9nation des muscles. Laissez \u00e0 votre corps le temps d&rsquo;int\u00e9grer son nouveau sch\u00e9ma de fonctionnement en toute s\u00e9r\u00e9nit\u00e9.<\/p>\n\n<script type=\"application\/ld+json\">\n{\"@context\":\"https:\/\/schema.org\",\"@type\":\"FAQPage\",\"mainEntity\":[{\"@type\":\"Question\",\"name\":\"Est-il possible d'avoir plus mal le lendemain d'une su00e9ance ?\",\"acceptedAnswer\":{\"@type\":\"Answer\",\"text\":\"Absolument. L'inconfort atteint tru00e8s souvent son pic d'intensitu00e9 dans les 24 u00e0 48 heures suivant la consultation. C'est la manifestation physique de la lu00e9gu00e8re inflammation indispensable au remodelage des tissus. Pensez u00e0 bien vous hydrater pour faciliter cette phase transitoire.\"}},{\"@type\":\"Question\",\"name\":\"Pourquoi suis-je extru00eamement fatiguu00e9 apru00e8s la manipulation ?\",\"acceptedAnswer\":{\"@type\":\"Answer\",\"text\":\"Le travail de ru00e9u00e9quilibrage profond demande une grande du00e9pense u00e9nergu00e9tique au niveau du systu00e8me nerveux autonome. L'organisme puise dans ses ru00e9serves vitales pour s'adapter aux nouvelles amplitudes imposu00e9es par la levu00e9e des dysfonctionnements. Il suffit d'accorder u00e0 son corps un sommeil ru00e9parateur adu00e9quat.\"}},{\"@type\":\"Question\",\"name\":\"La technique employu00e9e (tissulaire, craquement, u00e9tiopathie) influence-t-elle la ru00e9action ?\",\"acceptedAnswer\":{\"@type\":\"Answer\",\"text\":\"Pas obligatoirement. Une manipulation extru00eamement douce sur la sphu00e8re cru00e2nienne ou les fascias peut provoquer des ru00e9actions d'adaptation tout aussi intenses qu'un ajustement articulaire plus direct. L'intensitu00e9 du rebond du00e9pend avant tout de l'anciennetu00e9 du blocage et de la capacitu00e9 d'adaptation de votre mu00e9tabolisme.\"}}]}\n<\/script>\n<h3>Est-il possible d&rsquo;avoir plus mal le lendemain d&rsquo;une s\u00e9ance ?<\/h3>\n<p>Absolument. L&rsquo;inconfort atteint tr\u00e8s souvent son pic d&rsquo;intensit\u00e9 dans les 24 \u00e0 48 heures suivant la consultation. C&rsquo;est la manifestation physique de la l\u00e9g\u00e8re inflammation indispensable au remodelage des tissus. Pensez \u00e0 bien vous hydrater pour faciliter cette phase transitoire.<\/p>\n<h3>Pourquoi suis-je extr\u00eamement fatigu\u00e9 apr\u00e8s la manipulation ?<\/h3>\n<p>Le travail de r\u00e9\u00e9quilibrage profond demande une grande d\u00e9pense \u00e9nerg\u00e9tique au niveau du syst\u00e8me nerveux autonome. L&rsquo;organisme puise dans ses r\u00e9serves vitales pour s&rsquo;adapter aux nouvelles amplitudes impos\u00e9es par la lev\u00e9e des dysfonctionnements. Il suffit d&rsquo;accorder \u00e0 son corps un sommeil r\u00e9parateur ad\u00e9quat.<\/p>\n<h3>La technique employ\u00e9e (tissulaire, craquement, \u00e9tiopathie) influence-t-elle la r\u00e9action ?<\/h3>\n<p>Pas obligatoirement. Une manipulation extr\u00eamement douce sur la sph\u00e8re cr\u00e2nienne ou les fascias peut provoquer des r\u00e9actions d&rsquo;adaptation tout aussi intenses qu&rsquo;un ajustement articulaire plus direct. L&rsquo;intensit\u00e9 du rebond d\u00e9pend avant tout de l&rsquo;anciennet\u00e9 du blocage et de la capacit\u00e9 d&rsquo;adaptation de votre m\u00e9tabolisme.<\/p>\n\n","protected":false},"excerpt":{"rendered":"<p>Ressentir une douleur accrue ou une grande fatigue apr\u00e8s une s\u00e9ance d&rsquo;ost\u00e9opathie correspond \u00e0 l&rsquo;\u00a0\u00bbeffet rebond\u00a0\u00bb, une r\u00e9action physiologique normale&#8230;<\/p>\n","protected":false},"author":7,"featured_media":4453,"comment_status":"","ping_status":"","sticky":false,"template":"","format":"standard","meta":{"_kadence_starter_templates_imported_post":false,"_kad_post_transparent":"","_kad_post_title":"","_kad_post_layout":"","_kad_post_sidebar_id":"","_kad_post_content_style":"","_kad_post_vertical_padding":"","_kad_post_feature":"","_kad_post_feature_position":"","_kad_post_header":false,"_kad_post_footer":false,"_kad_post_classname":"","footnotes":""},"categories":[60],"tags":[],"class_list":["post-4454","post","type-post","status-publish","format-standard","has-post-thumbnail","hentry","category-osteopathie"],"yoast_head":"<!-- This site is optimized with the Yoast SEO plugin v27.5 - https:\/\/yoast.com\/product\/yoast-seo-wordpress\/ -->\n<title>\u25b7 Pourquoi a-t-on plus mal apr\u00e8s une s\u00e9ance d&#039;ost\u00e9opathie ?<\/title>\n<meta name=\"description\" content=\"D\u00e9couvrez pourquoi la douleur peut augmenter temporairement apr\u00e8s une s\u00e9ance d&#039;ost\u00e9opathie et comment cela fait partie du processus de gu\u00e9rison.\" \/>\n<meta name=\"robots\" content=\"index, follow, max-snippet:-1, max-image-preview:large, max-video-preview:-1\" \/>\n<link rel=\"canonical\" href=\"https:\/\/ns-osteo.fr\/blog\/pourquoi-a-t-on-plus-mal-apres-une-seance-dosteopathie\/\" \/>\n<meta property=\"og:locale\" content=\"fr_FR\" \/>\n<meta property=\"og:type\" content=\"article\" \/>\n<meta property=\"og:title\" content=\"\u25b7 Pourquoi a-t-on plus mal apr\u00e8s une s\u00e9ance d&#039;ost\u00e9opathie ?\" \/>\n<meta property=\"og:description\" content=\"D\u00e9couvrez pourquoi la douleur peut augmenter temporairement apr\u00e8s une s\u00e9ance d&#039;ost\u00e9opathie et comment cela fait partie du processus de gu\u00e9rison.\" \/>\n<meta property=\"og:url\" content=\"https:\/\/ns-osteo.fr\/blog\/pourquoi-a-t-on-plus-mal-apres-une-seance-dosteopathie\/\" \/>\n<meta property=\"og:site_name\" content=\"NS OSTEO\" \/>\n<meta property=\"article:published_time\" content=\"2026-03-18T06:33:18+00:00\" \/>\n<meta property=\"og:image\" content=\"https:\/\/ns-osteo.fr\/blog\/wp-content\/uploads\/2026\/03\/Pourquoi-a-t-on-plus-mal-apres-une-seance-dosteopathie-.png\" \/>\n\t<meta property=\"og:image:width\" content=\"1344\" \/>\n\t<meta property=\"og:image:height\" content=\"768\" \/>\n\t<meta property=\"og:image:type\" content=\"image\/png\" \/>\n<meta name=\"author\" content=\"Quentin\" \/>\n<meta name=\"twitter:card\" content=\"summary_large_image\" \/>\n<meta name=\"twitter:label1\" content=\"\u00c9crit par\" \/>\n\t<meta name=\"twitter:data1\" content=\"Quentin\" \/>\n\t<meta name=\"twitter:label2\" content=\"Dur\u00e9e de lecture estim\u00e9e\" \/>\n\t<meta name=\"twitter:data2\" content=\"6 minutes\" \/>\n<script type=\"application\/ld+json\" class=\"yoast-schema-graph\">{\"@context\":\"https:\\\/\\\/schema.org\",\"@graph\":[{\"@type\":\"Article\",\"@id\":\"https:\\\/\\\/ns-osteo.fr\\\/blog\\\/pourquoi-a-t-on-plus-mal-apres-une-seance-dosteopathie\\\/#article\",\"isPartOf\":{\"@id\":\"https:\\\/\\\/ns-osteo.fr\\\/blog\\\/pourquoi-a-t-on-plus-mal-apres-une-seance-dosteopathie\\\/\"},\"author\":{\"name\":\"Quentin\",\"@id\":\"https:\\\/\\\/ns-osteo.fr\\\/blog\\\/#\\\/schema\\\/person\\\/9a59cedf8f0450fcac67e2eef85497be\"},\"headline\":\"Pourquoi a-t-on plus mal apr\u00e8s une s\u00e9ance d&rsquo;ost\u00e9opathie ?\",\"datePublished\":\"2026-03-18T06:33:18+00:00\",\"mainEntityOfPage\":{\"@id\":\"https:\\\/\\\/ns-osteo.fr\\\/blog\\\/pourquoi-a-t-on-plus-mal-apres-une-seance-dosteopathie\\\/\"},\"wordCount\":1360,\"publisher\":{\"@id\":\"https:\\\/\\\/ns-osteo.fr\\\/blog\\\/#organization\"},\"image\":{\"@id\":\"https:\\\/\\\/ns-osteo.fr\\\/blog\\\/pourquoi-a-t-on-plus-mal-apres-une-seance-dosteopathie\\\/#primaryimage\"},\"thumbnailUrl\":\"https:\\\/\\\/ns-osteo.fr\\\/blog\\\/wp-content\\\/uploads\\\/2026\\\/03\\\/Pourquoi-a-t-on-plus-mal-apres-une-seance-dosteopathie-.png\",\"articleSection\":[\"Ost\u00e9opathie\"],\"inLanguage\":\"fr-FR\"},{\"@type\":\"WebPage\",\"@id\":\"https:\\\/\\\/ns-osteo.fr\\\/blog\\\/pourquoi-a-t-on-plus-mal-apres-une-seance-dosteopathie\\\/\",\"url\":\"https:\\\/\\\/ns-osteo.fr\\\/blog\\\/pourquoi-a-t-on-plus-mal-apres-une-seance-dosteopathie\\\/\",\"name\":\"\u25b7 Pourquoi a-t-on plus mal apr\u00e8s une s\u00e9ance d'ost\u00e9opathie ?\",\"isPartOf\":{\"@id\":\"https:\\\/\\\/ns-osteo.fr\\\/blog\\\/#website\"},\"primaryImageOfPage\":{\"@id\":\"https:\\\/\\\/ns-osteo.fr\\\/blog\\\/pourquoi-a-t-on-plus-mal-apres-une-seance-dosteopathie\\\/#primaryimage\"},\"image\":{\"@id\":\"https:\\\/\\\/ns-osteo.fr\\\/blog\\\/pourquoi-a-t-on-plus-mal-apres-une-seance-dosteopathie\\\/#primaryimage\"},\"thumbnailUrl\":\"https:\\\/\\\/ns-osteo.fr\\\/blog\\\/wp-content\\\/uploads\\\/2026\\\/03\\\/Pourquoi-a-t-on-plus-mal-apres-une-seance-dosteopathie-.png\",\"datePublished\":\"2026-03-18T06:33:18+00:00\",\"description\":\"D\u00e9couvrez pourquoi la douleur peut augmenter temporairement apr\u00e8s une s\u00e9ance d'ost\u00e9opathie et comment cela fait partie du processus de gu\u00e9rison.\",\"breadcrumb\":{\"@id\":\"https:\\\/\\\/ns-osteo.fr\\\/blog\\\/pourquoi-a-t-on-plus-mal-apres-une-seance-dosteopathie\\\/#breadcrumb\"},\"inLanguage\":\"fr-FR\",\"potentialAction\":[{\"@type\":\"ReadAction\",\"target\":[\"https:\\\/\\\/ns-osteo.fr\\\/blog\\\/pourquoi-a-t-on-plus-mal-apres-une-seance-dosteopathie\\\/\"]}]},{\"@type\":\"ImageObject\",\"inLanguage\":\"fr-FR\",\"@id\":\"https:\\\/\\\/ns-osteo.fr\\\/blog\\\/pourquoi-a-t-on-plus-mal-apres-une-seance-dosteopathie\\\/#primaryimage\",\"url\":\"https:\\\/\\\/ns-osteo.fr\\\/blog\\\/wp-content\\\/uploads\\\/2026\\\/03\\\/Pourquoi-a-t-on-plus-mal-apres-une-seance-dosteopathie-.png\",\"contentUrl\":\"https:\\\/\\\/ns-osteo.fr\\\/blog\\\/wp-content\\\/uploads\\\/2026\\\/03\\\/Pourquoi-a-t-on-plus-mal-apres-une-seance-dosteopathie-.png\",\"width\":1344,\"height\":768,\"caption\":\"d\u00e9couvrez pourquoi vous pouvez ressentir plus de douleur apr\u00e8s une s\u00e9ance d'ost\u00e9opathie et ce que cela signifie pour votre corps. explications et conseils pour mieux comprendre ce ph\u00e9nom\u00e8ne post-traitement.\"},{\"@type\":\"BreadcrumbList\",\"@id\":\"https:\\\/\\\/ns-osteo.fr\\\/blog\\\/pourquoi-a-t-on-plus-mal-apres-une-seance-dosteopathie\\\/#breadcrumb\",\"itemListElement\":[{\"@type\":\"ListItem\",\"position\":1,\"name\":\"Accueil\",\"item\":\"https:\\\/\\\/ns-osteo.fr\\\/blog\\\/\"},{\"@type\":\"ListItem\",\"position\":2,\"name\":\"Ost\u00e9opathie\",\"item\":\"https:\\\/\\\/ns-osteo.fr\\\/blog\\\/osteopathie\\\/\"},{\"@type\":\"ListItem\",\"position\":3,\"name\":\"Pourquoi a-t-on plus mal apr\u00e8s une s\u00e9ance d&rsquo;ost\u00e9opathie ?\"}]},{\"@type\":\"WebSite\",\"@id\":\"https:\\\/\\\/ns-osteo.fr\\\/blog\\\/#website\",\"url\":\"https:\\\/\\\/ns-osteo.fr\\\/blog\\\/\",\"name\":\"NS OSTEO\",\"description\":\"Trouvez un ost\u00e9opathe pr\u00e8s de chez vous\",\"publisher\":{\"@id\":\"https:\\\/\\\/ns-osteo.fr\\\/blog\\\/#organization\"},\"potentialAction\":[{\"@type\":\"SearchAction\",\"target\":{\"@type\":\"EntryPoint\",\"urlTemplate\":\"https:\\\/\\\/ns-osteo.fr\\\/blog\\\/?s={search_term_string}\"},\"query-input\":{\"@type\":\"PropertyValueSpecification\",\"valueRequired\":true,\"valueName\":\"search_term_string\"}}],\"inLanguage\":\"fr-FR\"},{\"@type\":\"Organization\",\"@id\":\"https:\\\/\\\/ns-osteo.fr\\\/blog\\\/#organization\",\"name\":\"NS OSTEO\",\"url\":\"https:\\\/\\\/ns-osteo.fr\\\/blog\\\/\",\"logo\":{\"@type\":\"ImageObject\",\"inLanguage\":\"fr-FR\",\"@id\":\"https:\\\/\\\/ns-osteo.fr\\\/blog\\\/#\\\/schema\\\/logo\\\/image\\\/\",\"url\":\"https:\\\/\\\/ns-osteo.fr\\\/blog\\\/wp-content\\\/uploads\\\/2026\\\/02\\\/cropped-ns-osteo.png\",\"contentUrl\":\"https:\\\/\\\/ns-osteo.fr\\\/blog\\\/wp-content\\\/uploads\\\/2026\\\/02\\\/cropped-ns-osteo.png\",\"width\":511,\"height\":512,\"caption\":\"NS OSTEO\"},\"image\":{\"@id\":\"https:\\\/\\\/ns-osteo.fr\\\/blog\\\/#\\\/schema\\\/logo\\\/image\\\/\"}},{\"@type\":\"Person\",\"@id\":\"https:\\\/\\\/ns-osteo.fr\\\/blog\\\/#\\\/schema\\\/person\\\/9a59cedf8f0450fcac67e2eef85497be\",\"name\":\"Quentin\",\"image\":{\"@type\":\"ImageObject\",\"inLanguage\":\"fr-FR\",\"@id\":\"https:\\\/\\\/secure.gravatar.com\\\/avatar\\\/?s=96&d=identicon&r=g\",\"url\":\"https:\\\/\\\/secure.gravatar.com\\\/avatar\\\/?s=96&d=identicon&r=g\",\"contentUrl\":\"https:\\\/\\\/secure.gravatar.com\\\/avatar\\\/?s=96&d=identicon&r=g\",\"caption\":\"Quentin\"},\"description\":\"Ost\u00e9opathe passionn\u00e9 de 33 ans, j'accompagne chacun vers un mieux-\u00eatre durable gr\u00e2ce \u00e0 des techniques manuelles adapt\u00e9es. Mon approche allie expertise et \u00e9coute attentive pour restaurer l'\u00e9quilibre du corps.\"}]}<\/script>\n<!-- \/ Yoast SEO plugin. -->","yoast_head_json":{"title":"\u25b7 Pourquoi a-t-on plus mal apr\u00e8s une s\u00e9ance d'ost\u00e9opathie ?","description":"D\u00e9couvrez pourquoi la douleur peut augmenter temporairement apr\u00e8s une s\u00e9ance d'ost\u00e9opathie et comment cela fait partie du processus de gu\u00e9rison.","robots":{"index":"index","follow":"follow","max-snippet":"max-snippet:-1","max-image-preview":"max-image-preview:large","max-video-preview":"max-video-preview:-1"},"canonical":"https:\/\/ns-osteo.fr\/blog\/pourquoi-a-t-on-plus-mal-apres-une-seance-dosteopathie\/","og_locale":"fr_FR","og_type":"article","og_title":"\u25b7 Pourquoi a-t-on plus mal apr\u00e8s une s\u00e9ance d'ost\u00e9opathie ?","og_description":"D\u00e9couvrez pourquoi la douleur peut augmenter temporairement apr\u00e8s une s\u00e9ance d'ost\u00e9opathie et comment cela fait partie du processus de gu\u00e9rison.","og_url":"https:\/\/ns-osteo.fr\/blog\/pourquoi-a-t-on-plus-mal-apres-une-seance-dosteopathie\/","og_site_name":"NS OSTEO","article_published_time":"2026-03-18T06:33:18+00:00","og_image":[{"width":1344,"height":768,"url":"https:\/\/ns-osteo.fr\/blog\/wp-content\/uploads\/2026\/03\/Pourquoi-a-t-on-plus-mal-apres-une-seance-dosteopathie-.png","type":"image\/png"}],"author":"Quentin","twitter_card":"summary_large_image","twitter_misc":{"\u00c9crit par":"Quentin","Dur\u00e9e de lecture estim\u00e9e":"6 minutes"},"schema":{"@context":"https:\/\/schema.org","@graph":[{"@type":"Article","@id":"https:\/\/ns-osteo.fr\/blog\/pourquoi-a-t-on-plus-mal-apres-une-seance-dosteopathie\/#article","isPartOf":{"@id":"https:\/\/ns-osteo.fr\/blog\/pourquoi-a-t-on-plus-mal-apres-une-seance-dosteopathie\/"},"author":{"name":"Quentin","@id":"https:\/\/ns-osteo.fr\/blog\/#\/schema\/person\/9a59cedf8f0450fcac67e2eef85497be"},"headline":"Pourquoi a-t-on plus mal apr\u00e8s une s\u00e9ance d&rsquo;ost\u00e9opathie ?","datePublished":"2026-03-18T06:33:18+00:00","mainEntityOfPage":{"@id":"https:\/\/ns-osteo.fr\/blog\/pourquoi-a-t-on-plus-mal-apres-une-seance-dosteopathie\/"},"wordCount":1360,"publisher":{"@id":"https:\/\/ns-osteo.fr\/blog\/#organization"},"image":{"@id":"https:\/\/ns-osteo.fr\/blog\/pourquoi-a-t-on-plus-mal-apres-une-seance-dosteopathie\/#primaryimage"},"thumbnailUrl":"https:\/\/ns-osteo.fr\/blog\/wp-content\/uploads\/2026\/03\/Pourquoi-a-t-on-plus-mal-apres-une-seance-dosteopathie-.png","articleSection":["Ost\u00e9opathie"],"inLanguage":"fr-FR"},{"@type":"WebPage","@id":"https:\/\/ns-osteo.fr\/blog\/pourquoi-a-t-on-plus-mal-apres-une-seance-dosteopathie\/","url":"https:\/\/ns-osteo.fr\/blog\/pourquoi-a-t-on-plus-mal-apres-une-seance-dosteopathie\/","name":"\u25b7 Pourquoi a-t-on plus mal apr\u00e8s une s\u00e9ance d'ost\u00e9opathie ?","isPartOf":{"@id":"https:\/\/ns-osteo.fr\/blog\/#website"},"primaryImageOfPage":{"@id":"https:\/\/ns-osteo.fr\/blog\/pourquoi-a-t-on-plus-mal-apres-une-seance-dosteopathie\/#primaryimage"},"image":{"@id":"https:\/\/ns-osteo.fr\/blog\/pourquoi-a-t-on-plus-mal-apres-une-seance-dosteopathie\/#primaryimage"},"thumbnailUrl":"https:\/\/ns-osteo.fr\/blog\/wp-content\/uploads\/2026\/03\/Pourquoi-a-t-on-plus-mal-apres-une-seance-dosteopathie-.png","datePublished":"2026-03-18T06:33:18+00:00","description":"D\u00e9couvrez pourquoi la douleur peut augmenter temporairement apr\u00e8s une s\u00e9ance d'ost\u00e9opathie et comment cela fait partie du processus de gu\u00e9rison.","breadcrumb":{"@id":"https:\/\/ns-osteo.fr\/blog\/pourquoi-a-t-on-plus-mal-apres-une-seance-dosteopathie\/#breadcrumb"},"inLanguage":"fr-FR","potentialAction":[{"@type":"ReadAction","target":["https:\/\/ns-osteo.fr\/blog\/pourquoi-a-t-on-plus-mal-apres-une-seance-dosteopathie\/"]}]},{"@type":"ImageObject","inLanguage":"fr-FR","@id":"https:\/\/ns-osteo.fr\/blog\/pourquoi-a-t-on-plus-mal-apres-une-seance-dosteopathie\/#primaryimage","url":"https:\/\/ns-osteo.fr\/blog\/wp-content\/uploads\/2026\/03\/Pourquoi-a-t-on-plus-mal-apres-une-seance-dosteopathie-.png","contentUrl":"https:\/\/ns-osteo.fr\/blog\/wp-content\/uploads\/2026\/03\/Pourquoi-a-t-on-plus-mal-apres-une-seance-dosteopathie-.png","width":1344,"height":768,"caption":"d\u00e9couvrez pourquoi vous pouvez ressentir plus de douleur apr\u00e8s une s\u00e9ance d'ost\u00e9opathie et ce que cela signifie pour votre corps. explications et conseils pour mieux comprendre ce ph\u00e9nom\u00e8ne post-traitement."},{"@type":"BreadcrumbList","@id":"https:\/\/ns-osteo.fr\/blog\/pourquoi-a-t-on-plus-mal-apres-une-seance-dosteopathie\/#breadcrumb","itemListElement":[{"@type":"ListItem","position":1,"name":"Accueil","item":"https:\/\/ns-osteo.fr\/blog\/"},{"@type":"ListItem","position":2,"name":"Ost\u00e9opathie","item":"https:\/\/ns-osteo.fr\/blog\/osteopathie\/"},{"@type":"ListItem","position":3,"name":"Pourquoi a-t-on plus mal apr\u00e8s une s\u00e9ance d&rsquo;ost\u00e9opathie ?"}]},{"@type":"WebSite","@id":"https:\/\/ns-osteo.fr\/blog\/#website","url":"https:\/\/ns-osteo.fr\/blog\/","name":"NS OSTEO","description":"Trouvez un ost\u00e9opathe pr\u00e8s de chez vous","publisher":{"@id":"https:\/\/ns-osteo.fr\/blog\/#organization"},"potentialAction":[{"@type":"SearchAction","target":{"@type":"EntryPoint","urlTemplate":"https:\/\/ns-osteo.fr\/blog\/?s={search_term_string}"},"query-input":{"@type":"PropertyValueSpecification","valueRequired":true,"valueName":"search_term_string"}}],"inLanguage":"fr-FR"},{"@type":"Organization","@id":"https:\/\/ns-osteo.fr\/blog\/#organization","name":"NS OSTEO","url":"https:\/\/ns-osteo.fr\/blog\/","logo":{"@type":"ImageObject","inLanguage":"fr-FR","@id":"https:\/\/ns-osteo.fr\/blog\/#\/schema\/logo\/image\/","url":"https:\/\/ns-osteo.fr\/blog\/wp-content\/uploads\/2026\/02\/cropped-ns-osteo.png","contentUrl":"https:\/\/ns-osteo.fr\/blog\/wp-content\/uploads\/2026\/02\/cropped-ns-osteo.png","width":511,"height":512,"caption":"NS OSTEO"},"image":{"@id":"https:\/\/ns-osteo.fr\/blog\/#\/schema\/logo\/image\/"}},{"@type":"Person","@id":"https:\/\/ns-osteo.fr\/blog\/#\/schema\/person\/9a59cedf8f0450fcac67e2eef85497be","name":"Quentin","image":{"@type":"ImageObject","inLanguage":"fr-FR","@id":"https:\/\/secure.gravatar.com\/avatar\/?s=96&d=identicon&r=g","url":"https:\/\/secure.gravatar.com\/avatar\/?s=96&d=identicon&r=g","contentUrl":"https:\/\/secure.gravatar.com\/avatar\/?s=96&d=identicon&r=g","caption":"Quentin"},"description":"Ost\u00e9opathe passionn\u00e9 de 33 ans, j'accompagne chacun vers un mieux-\u00eatre durable gr\u00e2ce \u00e0 des techniques manuelles adapt\u00e9es. Mon approche allie expertise et \u00e9coute attentive pour restaurer l'\u00e9quilibre du corps."}]}},"_links":{"self":[{"href":"https:\/\/ns-osteo.fr\/blog\/wp-json\/wp\/v2\/posts\/4454","targetHints":{"allow":["GET"]}}],"collection":[{"href":"https:\/\/ns-osteo.fr\/blog\/wp-json\/wp\/v2\/posts"}],"about":[{"href":"https:\/\/ns-osteo.fr\/blog\/wp-json\/wp\/v2\/types\/post"}],"author":[{"embeddable":true,"href":"https:\/\/ns-osteo.fr\/blog\/wp-json\/wp\/v2\/users\/7"}],"replies":[{"embeddable":true,"href":"https:\/\/ns-osteo.fr\/blog\/wp-json\/wp\/v2\/comments?post=4454"}],"version-history":[{"count":0,"href":"https:\/\/ns-osteo.fr\/blog\/wp-json\/wp\/v2\/posts\/4454\/revisions"}],"wp:featuredmedia":[{"embeddable":true,"href":"https:\/\/ns-osteo.fr\/blog\/wp-json\/wp\/v2\/media\/4453"}],"wp:attachment":[{"href":"https:\/\/ns-osteo.fr\/blog\/wp-json\/wp\/v2\/media?parent=4454"}],"wp:term":[{"taxonomy":"category","embeddable":true,"href":"https:\/\/ns-osteo.fr\/blog\/wp-json\/wp\/v2\/categories?post=4454"},{"taxonomy":"post_tag","embeddable":true,"href":"https:\/\/ns-osteo.fr\/blog\/wp-json\/wp\/v2\/tags?post=4454"}],"curies":[{"name":"wp","href":"https:\/\/api.w.org\/{rel}","templated":true}]}}