{"id":4460,"date":"2026-03-23T07:37:01","date_gmt":"2026-03-23T06:37:01","guid":{"rendered":"https:\/\/ns-osteo.fr\/fatigue-intense-apres-losteopathe-est-ce-normal\/"},"modified":"2026-03-23T07:37:01","modified_gmt":"2026-03-23T06:37:01","slug":"fatigue-intense-apres-losteopathe-est-ce-normal","status":"publish","type":"post","link":"https:\/\/ns-osteo.fr\/blog\/fatigue-intense-apres-losteopathe-est-ce-normal\/","title":{"rendered":"Fatigue intense apr\u00e8s l&rsquo;ost\u00e9opathe : est-ce normal ?"},"content":{"rendered":"<p>Ressentir une <strong>fatigue intense<\/strong> en sortant du cabinet de votre <strong>ost\u00e9opathe<\/strong> est une r\u00e9action physiologique tout \u00e0 fait normale et tr\u00e8s courante. Ce ph\u00e9nom\u00e8ne, souvent inattendu, survient g\u00e9n\u00e9ralement dans les 24 \u00e0 48 heures suivant la consultation. Loin d&rsquo;\u00eatre un signal d&rsquo;alarme, cet \u00e9puisement soudain indique que votre corps int\u00e8gre les ajustements tissulaires re\u00e7us. En effet, la th\u00e9rapie manuelle repose sur une approche globale qui vise \u00e0 r\u00e9\u00e9quilibrer le <strong>syst\u00e8me musculo-squelettique<\/strong> en profondeur.<\/p>\n\n<p>Lorsqu&rsquo;un <strong>dysfonctionnement<\/strong> ou un <strong>blocage<\/strong> articulaire est lev\u00e9, l&rsquo;organisme mobilise une quantit\u00e9 d&rsquo;\u00e9nergie consid\u00e9rable pour retrouver son point d&rsquo;\u00e9quilibre. Cette phase de transition d\u00e9clenche une r\u00e9organisation compl\u00e8te de votre <strong>biom\u00e9canique<\/strong> interne. Les tensions musculaires accumul\u00e9es se rel\u00e2chent soudainement. Ce processus plonge souvent le syst\u00e8me nerveux dans un \u00e9tat parasympathique, particuli\u00e8rement propice \u00e0 une profonde <strong>relaxation<\/strong>.<\/p>\n\n<p>Cette douce apathie corporelle t\u00e9moigne d&rsquo;un v\u00e9ritable travail d&rsquo;autor\u00e9gulation sur vos <strong>tissus<\/strong> et vos organes. C&rsquo;est le moment id\u00e9al pour ralentir le rythme et accorder \u00e0 votre organisme la pause dont il a besoin. Comprendre cette <strong>r\u00e9action post s\u00e9ance<\/strong> permet de l&rsquo;accepter sereinement. Vous transformerez ainsi cette lassitude passag\u00e8re en un v\u00e9ritable tremplin vers un meilleur <strong>bien-\u00eatre<\/strong> au quotidien.<\/p>\n\n<h2 class=\"wp-block-heading\">Pourquoi ressent-on une si grande fatigue apr\u00e8s une s\u00e9ance d&rsquo;ost\u00e9opathie ?<\/h2>\n\n<p>Le corps humain fonctionne comme une machine complexe programm\u00e9e pour s&rsquo;adapter en permanence \u00e0 son environnement et \u00e0 ses contraintes. Lors d&rsquo;un <strong>traitement manuel<\/strong>, des zones de tension, parfois install\u00e9es depuis des ann\u00e9es, sont stimul\u00e9es. Le rel\u00e2chement soudain de ces zones de compensation exige un effort m\u00e9tabolique extr\u00eamement important.<\/p>\n\n<p>Cette puissante adaptation tissulaire consomme litt\u00e9ralement vos r\u00e9serves \u00e9nerg\u00e9tiques de la journ\u00e9e. Imaginez qu&rsquo;une <strong>manipulation douce<\/strong> vienne de lib\u00e9rer des <strong>vert\u00e8bres<\/strong> verrouill\u00e9es par le stress quotidien. Votre organisme doit instantan\u00e9ment r\u00e9apprendre \u00e0 fonctionner avec cette nouvelle <strong>mobilit\u00e9<\/strong> articulaire retrouv\u00e9e.<\/p>\n\n<p>De plus, le travail tissulaire favorise un <strong>drainage<\/strong> naturel des d\u00e9chets m\u00e9taboliques emprisonn\u00e9s dans les fibres musculaires. Cette \u00e9limination soudaine des toxines participe activement \u00e0 l&rsquo;apparition de cette somnolence. L&rsquo;\u00e9nergie habituellement allou\u00e9e \u00e0 vos activit\u00e9s cognitives est redirig\u00e9e vers ce processus interne de nettoyage.<\/p>\n\n<figure class=\"is-provider-youtube is-type-video wp-block-embed wp-block-embed-youtube wp-embed-aspect-16-9 wp-has-aspect-ratio\"><div class=\"wp-block-embed__wrapper\">\n<iframe loading=\"lazy\" title=\"Quelle est la diff\u00e9rence entre un OST\u00c9OPATHE et un CHIROPRACTEUR ?\" width=\"720\" height=\"405\" src=\"https:\/\/www.youtube.com\/embed\/jBeI6H7Y8Sw?feature=oembed\" frameborder=\"0\" allow=\"accelerometer; autoplay; clipboard-write; encrypted-media; gyroscope; picture-in-picture; web-share\" referrerpolicy=\"strict-origin-when-cross-origin\" allowfullscreen><\/iframe>\n<\/div><\/figure>\n\n<h3 class=\"wp-block-heading\">Comment le fascia et le syst\u00e8me nerveux r\u00e9agissent-ils au soin corporel ?<\/h3>\n\n<p>Le fascia est une fine membrane de tissu conjonctif ininterrompue qui enveloppe l&rsquo;ensemble de vos muscles, os et organes. Cette structure en toile d&rsquo;araign\u00e9e est extr\u00eamement riche en terminaisons nerveuses sensorielles. Lorsque le praticien travaille sur ces <strong>tissus<\/strong>, il envoie une information proprioceptive directe \u00e0 votre cerveau.<\/p>\n\n<p>Le syst\u00e8me nerveux autonome bascule alors instantan\u00e9ment de l&rsquo;\u00e9tat d&rsquo;alerte \u00e0 l&rsquo;\u00e9tat de repos profond. C&rsquo;est exactement ce basculement physiologique qui provoque une envie irr\u00e9pressible de dormir. Cette <strong>relaxation<\/strong> nerveuse est une \u00e9tape absolument indispensable pour optimiser votre <strong>r\u00e9cup\u00e9ration<\/strong> cellulaire.<\/p>\n\n<p>Il faut garder \u00e0 l&rsquo;esprit que cette discipline offre une v\u00e9ritable <strong>approche holistique<\/strong> du corps humain. Elle ne se contente pas de cibler le sympt\u00f4me bruyant, mais cherche la cause premi\u00e8re du <strong>trouble fonctionnel<\/strong>. Cette qu\u00eate d&rsquo;hom\u00e9ostasie sollicite toutes les ressources de votre organisme de fa\u00e7on simultan\u00e9e.<\/p>\n\n<h2 class=\"wp-block-heading\">Quels sont les effets secondaires classiques d&rsquo;un r\u00e9\u00e9quilibrage physique ?<\/h2>\n\n<p>L&rsquo;apparition de diff\u00e9rents <strong>sympt\u00f4mes<\/strong> post-traitement est ce que l&rsquo;on nomme couramment dans le jargon \u00ab\u00a0l&rsquo;effet rebond\u00a0\u00bb. Ce ph\u00e9nom\u00e8ne d&rsquo;adaptation naturel dure en moyenne entre 48 et 72 heures selon les individus. Il s&rsquo;accompagne de diverses manifestations physiques, et parfois m\u00eame d&rsquo;\u00e9mergences \u00e9motionnelles surprenantes.<\/p>\n\n<p>Il n&rsquo;est pas rare de ressentir une <strong>douleur musculaire<\/strong> diffuse dans les heures qui suivent le soin. Cette sensation s&rsquo;apparente souvent \u00e0 de fortes courbatures apr\u00e8s une s\u00e9ance d&rsquo;entra\u00eenement sportif intense. Le travail sur l&rsquo;<strong>\u00e9tiopathie<\/strong> des restrictions r\u00e9veille temporairement des zones jusqu&rsquo;alors endormies ou anesth\u00e9si\u00e9es.<\/p>\n\n<p>Une tr\u00e8s l\u00e9g\u00e8re <strong>inflammation<\/strong> locale peut \u00e9galement survenir, le temps que la zone trait\u00e9e se draine correctement. Des r\u00e9actions \u00e9motionnelles telles que des pleurs inexpliqu\u00e9s ou une irritabilit\u00e9 passag\u00e8re sont aussi fr\u00e9quemment rapport\u00e9es. Ces lib\u00e9rations somato-\u00e9motionnelles confirment le lien \u00e9troit entre vos tensions physiques et votre sph\u00e8re psychique.<\/p>\n\n<figure class=\"wp-block-table\"><table>\n<thead>\n<tr>\n<th>\ud83e\udde0 Type de r\u00e9action<\/th>\n<th>\u2705 Normal (Effet rebond)<\/th>\n<th>\u274c Signal d&rsquo;alerte (\u00c0 surveiller)<\/th>\n<\/tr>\n<\/thead>\n<tbody>\n<tr>\n<td><strong>\u00c9nergie globale<\/strong><\/td>\n<td>Somnolence, lourdeur, besoin de sieste<\/td>\n<td>\u00c9puisement chronique au-del\u00e0 de 7 jours<\/td>\n<\/tr>\n<tr>\n<td><strong>Sensation corporelle<\/strong><\/td>\n<td>Courbatures diffuses, tiraillements l\u00e9gers<\/td>\n<td>Douleur fulgurante, aigu\u00eb ou \u00e9lectrique<\/td>\n<\/tr>\n<tr>\n<td><strong>Sph\u00e8re digestive<\/strong><\/td>\n<td>Gargouillements, transit acc\u00e9l\u00e9r\u00e9<\/td>\n<td>Naus\u00e9es persistantes, vomissements<\/td>\n<\/tr>\n<tr>\n<td><strong>\u00c9tat g\u00e9n\u00e9ral<\/strong><\/td>\n<td>Sensation de chaleur locale, rel\u00e2chement<\/td>\n<td>Apparition d&rsquo;une forte fi\u00e8vre<\/td>\n<\/tr>\n<\/tbody>\n<\/table><\/figure>\n\n<h3 class=\"wp-block-heading\">L&rsquo;effet rebond garantit-il la disparition de vos troubles m\u00e9caniques ?<\/h3>\n\n<p>Ressentir ces bouleversements transitoires est tr\u00e8s souvent per\u00e7u comme un excellent signe d&rsquo;int\u00e9gration du soin corporel. Cependant, l&rsquo;intensit\u00e9 de cet effet rebond ne pr\u00e9sage pas obligatoirement de la rapidit\u00e9 de la <strong>r\u00e9cup\u00e9ration<\/strong>. Chaque m\u00e9tabolisme poss\u00e8de son propre rythme d&rsquo;assimilation tissulaire et neurologique.<\/p>\n\n<p>Certains patients ne ressentent aucune lourdeur et constatent pourtant une am\u00e9lioration spectaculaire de leur posture. L&rsquo;absence d&rsquo;<strong>effets secondaires<\/strong> marquants ne signifie donc pas que la s\u00e9ance a \u00e9t\u00e9 inefficace. Le corps peut int\u00e9grer les corrections de mani\u00e8re tr\u00e8s discr\u00e8te et fluide.<\/p>\n\n<p><em>Disclaimer : Cette discipline vise le <strong>soulagement<\/strong> des inconforts m\u00e9caniques et ne pr\u00e9tend en aucun cas gu\u00e9rir des pathologies graves. Elle ne remplace pas une consultation m\u00e9dicale. Si des douleurs aigu\u00ebs persistent, consultez rapidement votre m\u00e9decin traitant.<\/em><\/p>\n\n<figure class=\"is-provider-youtube is-type-video wp-block-embed wp-block-embed-youtube wp-embed-aspect-16-9 wp-has-aspect-ratio\"><div class=\"wp-block-embed__wrapper\">\n<iframe loading=\"lazy\" title=\"Fatigu\u00e9 ? Pourquoi on ne vous a jamais dit cela\" width=\"720\" height=\"405\" src=\"https:\/\/www.youtube.com\/embed\/sEXdbnSkWhQ?feature=oembed\" frameborder=\"0\" allow=\"accelerometer; autoplay; clipboard-write; encrypted-media; gyroscope; picture-in-picture; web-share\" referrerpolicy=\"strict-origin-when-cross-origin\" allowfullscreen><\/iframe>\n<\/div><\/figure>\n\n<h2 class=\"wp-block-heading\">Que faire pour optimiser sa convalescence apr\u00e8s \u00eatre pass\u00e9 sur la table ?<\/h2>\n\n<p>Pour traverser cette phase de vuln\u00e9rabilit\u00e9 passag\u00e8re avec douceur, de petits ajustements de votre routine quotidienne s&rsquo;imposent. La r\u00e8gle absolue consiste \u00e0 s&rsquo;accorder un repos relatif et bienveillant. Oubliez les d\u00e9m\u00e9nagements, le bricolage lourd ou votre s\u00e9ance de crossfit dans les 48 heures suivant votre rendez-vous.<\/p>\n\n<p>Une excellente hydratation joue un r\u00f4le capital dans la gestion de la <strong>fatigue intense<\/strong> et des raideurs. Boire une eau temp\u00e9r\u00e9e facilite grandement le travail de filtration de vos reins. Cela emp\u00eache les toxines tout juste remises en circulation de stagner et de recr\u00e9er un nouveau <strong>blocage<\/strong>.<\/p>\n\n<p>Privil\u00e9giez toujours des mouvements fluides pour entretenir votre souplesse sans jamais forcer sur les articulations. Une marche digestive en plein air ou quelques exercices de coh\u00e9rence cardiaque suffisent amplement. Ces douces attentions favorisent l&rsquo;installation p\u00e9renne de votre nouveau sch\u00e9ma corporel.<\/p>\n\n<ul class=\"wp-block-list\"><li>\ud83d\udca7 <strong>Buvez 1,5 \u00e0 2 litres d&rsquo;eau<\/strong> : R\u00e9partissez les prises sur la journ\u00e9e pour optimiser le nettoyage cellulaire.<\/li><li>\ud83e\uddd8 <strong>Marchez \u00e0 votre rythme<\/strong> : 15 minutes d&rsquo;oxyg\u00e9nation aident \u00e0 relancer la pompe veineuse en douceur.<\/li><li>\ud83d\udecc <strong>\u00c9coutez votre sommeil<\/strong> : Si vos paupi\u00e8res sont lourdes, accordez-vous une micro-sieste de 20 minutes sans culpabiliser.<\/li><li>\ud83e\udd57 <strong>All\u00e9gez vos repas<\/strong> : Une digestion facile \u00e9conomise de l&rsquo;\u00e9nergie au profit de votre cicatrisation tissulaire.<\/li><li>\ud83d\udd25 <strong>Appliquez de la chaleur<\/strong> : Une bouillotte sur les zones courbatur\u00e9es aide \u00e0 d\u00e9tendre les fibres musculaires.<\/li><\/ul>\n\n<h3 class=\"wp-block-heading\">Quand l&rsquo;inflammation ou la douleur n\u00e9cessite-t-elle de consulter \u00e0 nouveau ?<\/h3>\n\n<p>La <strong>pr\u00e9vention<\/strong> des blessures passe avant tout par une \u00e9coute attentive des messages envoy\u00e9s par votre corps. Si les r\u00e9actions inconfortables s&rsquo;estompent g\u00e9n\u00e9ralement d&rsquo;elles-m\u00eames, quelques situations sp\u00e9cifiques exigent une plus grande vigilance. La complexit\u00e9 du <strong>motif de consultation<\/strong> initial influence ce temps d&rsquo;adaptation.<\/p>\n\n<p>Si vous constatez l&rsquo;apparition d&rsquo;une fi\u00e8vre soudaine, de troubles visuels ou de vertiges rotatoires invalidants, restez prudent. Ces signes cliniques n&rsquo;appartiennent pas du tout au tableau classique d&rsquo;une bonne \u00e9volution post-s\u00e9ance. De m\u00eame, une douleur fulgurante au niveau des <strong>vert\u00e8bres<\/strong> justifie un avis m\u00e9dical rapide.<\/p>\n\n<p>Dans le moindre doute, n&rsquo;h\u00e9sitez jamais \u00e0 recontacter le praticien qui a assur\u00e9 votre prise en charge. Un simple \u00e9change t\u00e9l\u00e9phonique permet tr\u00e8s souvent d&rsquo;\u00eatre rassur\u00e9 sur la nature exacte de vos ressentis. Il saura vous r\u00e9orienter vers la m\u00e9decine conventionnelle si la situation d\u00e9passe son champ de comp\u00e9tences.<\/p>\n\n<script type=\"application\/ld+json\">\n{\"@context\":\"https:\/\/schema.org\",\"@type\":\"FAQPage\",\"mainEntity\":[{\"@type\":\"Question\",\"name\":\"Combien de jours dure gu00e9nu00e9ralement la fatigue apru00e8s une su00e9ance ?\",\"acceptedAnswer\":{\"@type\":\"Answer\",\"text\":\"Dans la tru00e8s grande majoritu00e9 des cas, l'u00e9tat de somnolence et les courbatures durent entre 24 et 48 heures. Chez certaines personnes plus ru00e9actives ou souffrant de douleurs tru00e8s anciennes, cette phase d'adaptation tissulaire peut s'u00e9tirer jusqu'u00e0 72 heures avant de laisser place u00e0 un regain d'u00e9nergie.\"}},{\"@type\":\"Question\",\"name\":\"Peut-on aller travailler immu00e9diatement apru00e8s u00eatre passu00e9 au cabinet ?\",\"acceptedAnswer\":{\"@type\":\"Answer\",\"text\":\"Oui, il est tout u00e0 fait possible de reprendre une activitu00e9 professionnelle, u00e0 condition qu'elle ne soit pas d'une intensitu00e9 physique extru00eame. Si vous exercez un mu00e9tier tru00e8s manuel ou portez des charges lourdes, il est vivement conseillu00e9 de planifier votre rendez-vous en fin de journu00e9e ou avant un jour de repos.\"}},{\"@type\":\"Question\",\"name\":\"Pourquoi ai-je l'impression d'avoir mal ailleurs que ma douleur initiale ?\",\"acceptedAnswer\":{\"@type\":\"Answer\",\"text\":\"C'est un phu00e9nomu00e8ne tru00e8s classique des chau00eenes musculaires. En relu00e2chant une zone de compensation (par exemple l'u00e9paule), le corps modifie sa posture globale. De vieilles tensions sous-jacentes (comme au niveau du bassin) peuvent alors se ru00e9veiller temporairement le temps que votre biomu00e9canique retrouve son axe naturel.\"}},{\"@type\":\"Question\",\"name\":\"Le fait de n'avoir aucun effet secondaire signifie-t-il que le soin a u00e9chouu00e9 ?\",\"acceptedAnswer\":{\"@type\":\"Answer\",\"text\":\"Absolument pas. L'absence de fatigue intense ou de courbatures prouve simplement que votre systu00e8me nerveux possu00e8de une excellente capacitu00e9 d'adaptation immu00e9diate. L'efficacitu00e9 du traitement s'u00e9value sur l'amu00e9lioration de votre mobilitu00e9 et la diminution de vos symptu00f4mes fonctionnels dans les jours qui suivent.\"}}]}\n<\/script>\n<h3>Combien de jours dure g\u00e9n\u00e9ralement la fatigue apr\u00e8s une s\u00e9ance ?<\/h3>\n<p>Dans la tr\u00e8s grande majorit\u00e9 des cas, l&rsquo;\u00e9tat de somnolence et les courbatures durent entre 24 et 48 heures. Chez certaines personnes plus r\u00e9actives ou souffrant de douleurs tr\u00e8s anciennes, cette phase d&rsquo;adaptation tissulaire peut s&rsquo;\u00e9tirer jusqu&rsquo;\u00e0 72 heures avant de laisser place \u00e0 un regain d&rsquo;\u00e9nergie.<\/p>\n<h3>Peut-on aller travailler imm\u00e9diatement apr\u00e8s \u00eatre pass\u00e9 au cabinet ?<\/h3>\n<p>Oui, il est tout \u00e0 fait possible de reprendre une activit\u00e9 professionnelle, \u00e0 condition qu&rsquo;elle ne soit pas d&rsquo;une intensit\u00e9 physique extr\u00eame. Si vous exercez un m\u00e9tier tr\u00e8s manuel ou portez des charges lourdes, il est vivement conseill\u00e9 de planifier votre rendez-vous en fin de journ\u00e9e ou avant un jour de repos.<\/p>\n<h3>Pourquoi ai-je l&rsquo;impression d&rsquo;avoir mal ailleurs que ma douleur initiale ?<\/h3>\n<p>C&rsquo;est un ph\u00e9nom\u00e8ne tr\u00e8s classique des cha\u00eenes musculaires. En rel\u00e2chant une zone de compensation (par exemple l&rsquo;\u00e9paule), le corps modifie sa posture globale. De vieilles tensions sous-jacentes (comme au niveau du bassin) peuvent alors se r\u00e9veiller temporairement le temps que votre biom\u00e9canique retrouve son axe naturel.<\/p>\n<h3>Le fait de n&rsquo;avoir aucun effet secondaire signifie-t-il que le soin a \u00e9chou\u00e9 ?<\/h3>\n<p>Absolument pas. L&rsquo;absence de fatigue intense ou de courbatures prouve simplement que votre syst\u00e8me nerveux poss\u00e8de une excellente capacit\u00e9 d&rsquo;adaptation imm\u00e9diate. L&rsquo;efficacit\u00e9 du traitement s&rsquo;\u00e9value sur l&rsquo;am\u00e9lioration de votre mobilit\u00e9 et la diminution de vos sympt\u00f4mes fonctionnels dans les jours qui suivent.<\/p>\n\n","protected":false},"excerpt":{"rendered":"<p>Ressentir une fatigue intense en sortant du cabinet de votre ost\u00e9opathe est une r\u00e9action physiologique tout \u00e0 fait normale et&#8230;<\/p>\n","protected":false},"author":7,"featured_media":4459,"comment_status":"","ping_status":"","sticky":false,"template":"","format":"standard","meta":{"_kadence_starter_templates_imported_post":false,"_kad_post_transparent":"","_kad_post_title":"","_kad_post_layout":"","_kad_post_sidebar_id":"","_kad_post_content_style":"","_kad_post_vertical_padding":"","_kad_post_feature":"","_kad_post_feature_position":"","_kad_post_header":false,"_kad_post_footer":false,"_kad_post_classname":"","footnotes":""},"categories":[60],"tags":[],"class_list":["post-4460","post","type-post","status-publish","format-standard","has-post-thumbnail","hentry","category-osteopathie"],"yoast_head":"<!-- This site is optimized with the Yoast SEO plugin v27.5 - https:\/\/yoast.com\/product\/yoast-seo-wordpress\/ -->\n<title>\u25b7 Fatigue intense apr\u00e8s l&#039;ost\u00e9opathe : est-ce normal ?<\/title>\n<meta name=\"description\" content=\"Fatigue intense apr\u00e8s l&#039;ost\u00e9opathe : d\u00e9couvrez pourquoi ce ph\u00e9nom\u00e8ne est courant et quand s&#039;inqui\u00e9ter pour votre bien-\u00eatre.\" \/>\n<meta name=\"robots\" content=\"index, follow, max-snippet:-1, max-image-preview:large, max-video-preview:-1\" \/>\n<link rel=\"canonical\" href=\"https:\/\/ns-osteo.fr\/blog\/fatigue-intense-apres-losteopathe-est-ce-normal\/\" \/>\n<meta property=\"og:locale\" content=\"fr_FR\" \/>\n<meta property=\"og:type\" content=\"article\" \/>\n<meta property=\"og:title\" content=\"\u25b7 Fatigue intense apr\u00e8s l&#039;ost\u00e9opathe : est-ce normal ?\" \/>\n<meta property=\"og:description\" content=\"Fatigue intense apr\u00e8s l&#039;ost\u00e9opathe : d\u00e9couvrez pourquoi ce ph\u00e9nom\u00e8ne est courant et quand s&#039;inqui\u00e9ter pour votre bien-\u00eatre.\" \/>\n<meta property=\"og:url\" content=\"https:\/\/ns-osteo.fr\/blog\/fatigue-intense-apres-losteopathe-est-ce-normal\/\" \/>\n<meta property=\"og:site_name\" content=\"NS OSTEO\" \/>\n<meta property=\"article:published_time\" content=\"2026-03-23T06:37:01+00:00\" \/>\n<meta property=\"og:image\" content=\"https:\/\/ns-osteo.fr\/blog\/wp-content\/uploads\/2026\/03\/Fatigue-intense-apres-losteopathe-est-ce-normal-.png\" \/>\n\t<meta property=\"og:image:width\" content=\"1344\" \/>\n\t<meta property=\"og:image:height\" content=\"768\" \/>\n\t<meta property=\"og:image:type\" content=\"image\/png\" \/>\n<meta name=\"author\" content=\"Quentin\" \/>\n<meta name=\"twitter:card\" content=\"summary_large_image\" \/>\n<meta name=\"twitter:label1\" content=\"\u00c9crit par\" \/>\n\t<meta name=\"twitter:data1\" content=\"Quentin\" \/>\n\t<meta name=\"twitter:label2\" content=\"Dur\u00e9e de lecture estim\u00e9e\" \/>\n\t<meta name=\"twitter:data2\" content=\"8 minutes\" \/>\n<script type=\"application\/ld+json\" class=\"yoast-schema-graph\">{\"@context\":\"https:\\\/\\\/schema.org\",\"@graph\":[{\"@type\":\"Article\",\"@id\":\"https:\\\/\\\/ns-osteo.fr\\\/blog\\\/fatigue-intense-apres-losteopathe-est-ce-normal\\\/#article\",\"isPartOf\":{\"@id\":\"https:\\\/\\\/ns-osteo.fr\\\/blog\\\/fatigue-intense-apres-losteopathe-est-ce-normal\\\/\"},\"author\":{\"name\":\"Quentin\",\"@id\":\"https:\\\/\\\/ns-osteo.fr\\\/blog\\\/#\\\/schema\\\/person\\\/9a59cedf8f0450fcac67e2eef85497be\"},\"headline\":\"Fatigue intense apr\u00e8s l&rsquo;ost\u00e9opathe : est-ce normal ?\",\"datePublished\":\"2026-03-23T06:37:01+00:00\",\"mainEntityOfPage\":{\"@id\":\"https:\\\/\\\/ns-osteo.fr\\\/blog\\\/fatigue-intense-apres-losteopathe-est-ce-normal\\\/\"},\"wordCount\":1660,\"publisher\":{\"@id\":\"https:\\\/\\\/ns-osteo.fr\\\/blog\\\/#organization\"},\"image\":{\"@id\":\"https:\\\/\\\/ns-osteo.fr\\\/blog\\\/fatigue-intense-apres-losteopathe-est-ce-normal\\\/#primaryimage\"},\"thumbnailUrl\":\"https:\\\/\\\/ns-osteo.fr\\\/blog\\\/wp-content\\\/uploads\\\/2026\\\/03\\\/Fatigue-intense-apres-losteopathe-est-ce-normal-.png\",\"articleSection\":[\"Ost\u00e9opathie\"],\"inLanguage\":\"fr-FR\"},{\"@type\":\"WebPage\",\"@id\":\"https:\\\/\\\/ns-osteo.fr\\\/blog\\\/fatigue-intense-apres-losteopathe-est-ce-normal\\\/\",\"url\":\"https:\\\/\\\/ns-osteo.fr\\\/blog\\\/fatigue-intense-apres-losteopathe-est-ce-normal\\\/\",\"name\":\"\u25b7 Fatigue intense apr\u00e8s l'ost\u00e9opathe : est-ce normal ?\",\"isPartOf\":{\"@id\":\"https:\\\/\\\/ns-osteo.fr\\\/blog\\\/#website\"},\"primaryImageOfPage\":{\"@id\":\"https:\\\/\\\/ns-osteo.fr\\\/blog\\\/fatigue-intense-apres-losteopathe-est-ce-normal\\\/#primaryimage\"},\"image\":{\"@id\":\"https:\\\/\\\/ns-osteo.fr\\\/blog\\\/fatigue-intense-apres-losteopathe-est-ce-normal\\\/#primaryimage\"},\"thumbnailUrl\":\"https:\\\/\\\/ns-osteo.fr\\\/blog\\\/wp-content\\\/uploads\\\/2026\\\/03\\\/Fatigue-intense-apres-losteopathe-est-ce-normal-.png\",\"datePublished\":\"2026-03-23T06:37:01+00:00\",\"description\":\"Fatigue intense apr\u00e8s l'ost\u00e9opathe : d\u00e9couvrez pourquoi ce ph\u00e9nom\u00e8ne est courant et quand s'inqui\u00e9ter pour votre bien-\u00eatre.\",\"breadcrumb\":{\"@id\":\"https:\\\/\\\/ns-osteo.fr\\\/blog\\\/fatigue-intense-apres-losteopathe-est-ce-normal\\\/#breadcrumb\"},\"inLanguage\":\"fr-FR\",\"potentialAction\":[{\"@type\":\"ReadAction\",\"target\":[\"https:\\\/\\\/ns-osteo.fr\\\/blog\\\/fatigue-intense-apres-losteopathe-est-ce-normal\\\/\"]}]},{\"@type\":\"ImageObject\",\"inLanguage\":\"fr-FR\",\"@id\":\"https:\\\/\\\/ns-osteo.fr\\\/blog\\\/fatigue-intense-apres-losteopathe-est-ce-normal\\\/#primaryimage\",\"url\":\"https:\\\/\\\/ns-osteo.fr\\\/blog\\\/wp-content\\\/uploads\\\/2026\\\/03\\\/Fatigue-intense-apres-losteopathe-est-ce-normal-.png\",\"contentUrl\":\"https:\\\/\\\/ns-osteo.fr\\\/blog\\\/wp-content\\\/uploads\\\/2026\\\/03\\\/Fatigue-intense-apres-losteopathe-est-ce-normal-.png\",\"width\":1344,\"height\":768,\"caption\":\"d\u00e9couvrez pourquoi une fatigue intense peut survenir apr\u00e8s une s\u00e9ance chez l'ost\u00e9opathe et apprenez si cette r\u00e9action est normale ou signe d'un autre probl\u00e8me.\"},{\"@type\":\"BreadcrumbList\",\"@id\":\"https:\\\/\\\/ns-osteo.fr\\\/blog\\\/fatigue-intense-apres-losteopathe-est-ce-normal\\\/#breadcrumb\",\"itemListElement\":[{\"@type\":\"ListItem\",\"position\":1,\"name\":\"Accueil\",\"item\":\"https:\\\/\\\/ns-osteo.fr\\\/blog\\\/\"},{\"@type\":\"ListItem\",\"position\":2,\"name\":\"Ost\u00e9opathie\",\"item\":\"https:\\\/\\\/ns-osteo.fr\\\/blog\\\/osteopathie\\\/\"},{\"@type\":\"ListItem\",\"position\":3,\"name\":\"Fatigue intense apr\u00e8s l&rsquo;ost\u00e9opathe : est-ce normal ?\"}]},{\"@type\":\"WebSite\",\"@id\":\"https:\\\/\\\/ns-osteo.fr\\\/blog\\\/#website\",\"url\":\"https:\\\/\\\/ns-osteo.fr\\\/blog\\\/\",\"name\":\"NS OSTEO\",\"description\":\"Trouvez un ost\u00e9opathe pr\u00e8s de chez vous\",\"publisher\":{\"@id\":\"https:\\\/\\\/ns-osteo.fr\\\/blog\\\/#organization\"},\"potentialAction\":[{\"@type\":\"SearchAction\",\"target\":{\"@type\":\"EntryPoint\",\"urlTemplate\":\"https:\\\/\\\/ns-osteo.fr\\\/blog\\\/?s={search_term_string}\"},\"query-input\":{\"@type\":\"PropertyValueSpecification\",\"valueRequired\":true,\"valueName\":\"search_term_string\"}}],\"inLanguage\":\"fr-FR\"},{\"@type\":\"Organization\",\"@id\":\"https:\\\/\\\/ns-osteo.fr\\\/blog\\\/#organization\",\"name\":\"NS OSTEO\",\"url\":\"https:\\\/\\\/ns-osteo.fr\\\/blog\\\/\",\"logo\":{\"@type\":\"ImageObject\",\"inLanguage\":\"fr-FR\",\"@id\":\"https:\\\/\\\/ns-osteo.fr\\\/blog\\\/#\\\/schema\\\/logo\\\/image\\\/\",\"url\":\"https:\\\/\\\/ns-osteo.fr\\\/blog\\\/wp-content\\\/uploads\\\/2026\\\/02\\\/cropped-ns-osteo.png\",\"contentUrl\":\"https:\\\/\\\/ns-osteo.fr\\\/blog\\\/wp-content\\\/uploads\\\/2026\\\/02\\\/cropped-ns-osteo.png\",\"width\":511,\"height\":512,\"caption\":\"NS OSTEO\"},\"image\":{\"@id\":\"https:\\\/\\\/ns-osteo.fr\\\/blog\\\/#\\\/schema\\\/logo\\\/image\\\/\"}},{\"@type\":\"Person\",\"@id\":\"https:\\\/\\\/ns-osteo.fr\\\/blog\\\/#\\\/schema\\\/person\\\/9a59cedf8f0450fcac67e2eef85497be\",\"name\":\"Quentin\",\"image\":{\"@type\":\"ImageObject\",\"inLanguage\":\"fr-FR\",\"@id\":\"https:\\\/\\\/secure.gravatar.com\\\/avatar\\\/?s=96&d=identicon&r=g\",\"url\":\"https:\\\/\\\/secure.gravatar.com\\\/avatar\\\/?s=96&d=identicon&r=g\",\"contentUrl\":\"https:\\\/\\\/secure.gravatar.com\\\/avatar\\\/?s=96&d=identicon&r=g\",\"caption\":\"Quentin\"},\"description\":\"Ost\u00e9opathe passionn\u00e9 de 33 ans, j'accompagne chacun vers un mieux-\u00eatre durable gr\u00e2ce \u00e0 des techniques manuelles adapt\u00e9es. Mon approche allie expertise et \u00e9coute attentive pour restaurer l'\u00e9quilibre du corps.\"}]}<\/script>\n<!-- \/ Yoast SEO plugin. -->","yoast_head_json":{"title":"\u25b7 Fatigue intense apr\u00e8s l'ost\u00e9opathe : est-ce normal ?","description":"Fatigue intense apr\u00e8s l'ost\u00e9opathe : d\u00e9couvrez pourquoi ce ph\u00e9nom\u00e8ne est courant et quand s'inqui\u00e9ter pour votre bien-\u00eatre.","robots":{"index":"index","follow":"follow","max-snippet":"max-snippet:-1","max-image-preview":"max-image-preview:large","max-video-preview":"max-video-preview:-1"},"canonical":"https:\/\/ns-osteo.fr\/blog\/fatigue-intense-apres-losteopathe-est-ce-normal\/","og_locale":"fr_FR","og_type":"article","og_title":"\u25b7 Fatigue intense apr\u00e8s l'ost\u00e9opathe : est-ce normal ?","og_description":"Fatigue intense apr\u00e8s l'ost\u00e9opathe : d\u00e9couvrez pourquoi ce ph\u00e9nom\u00e8ne est courant et quand s'inqui\u00e9ter pour votre bien-\u00eatre.","og_url":"https:\/\/ns-osteo.fr\/blog\/fatigue-intense-apres-losteopathe-est-ce-normal\/","og_site_name":"NS OSTEO","article_published_time":"2026-03-23T06:37:01+00:00","og_image":[{"width":1344,"height":768,"url":"https:\/\/ns-osteo.fr\/blog\/wp-content\/uploads\/2026\/03\/Fatigue-intense-apres-losteopathe-est-ce-normal-.png","type":"image\/png"}],"author":"Quentin","twitter_card":"summary_large_image","twitter_misc":{"\u00c9crit par":"Quentin","Dur\u00e9e de lecture estim\u00e9e":"8 minutes"},"schema":{"@context":"https:\/\/schema.org","@graph":[{"@type":"Article","@id":"https:\/\/ns-osteo.fr\/blog\/fatigue-intense-apres-losteopathe-est-ce-normal\/#article","isPartOf":{"@id":"https:\/\/ns-osteo.fr\/blog\/fatigue-intense-apres-losteopathe-est-ce-normal\/"},"author":{"name":"Quentin","@id":"https:\/\/ns-osteo.fr\/blog\/#\/schema\/person\/9a59cedf8f0450fcac67e2eef85497be"},"headline":"Fatigue intense apr\u00e8s l&rsquo;ost\u00e9opathe : est-ce normal ?","datePublished":"2026-03-23T06:37:01+00:00","mainEntityOfPage":{"@id":"https:\/\/ns-osteo.fr\/blog\/fatigue-intense-apres-losteopathe-est-ce-normal\/"},"wordCount":1660,"publisher":{"@id":"https:\/\/ns-osteo.fr\/blog\/#organization"},"image":{"@id":"https:\/\/ns-osteo.fr\/blog\/fatigue-intense-apres-losteopathe-est-ce-normal\/#primaryimage"},"thumbnailUrl":"https:\/\/ns-osteo.fr\/blog\/wp-content\/uploads\/2026\/03\/Fatigue-intense-apres-losteopathe-est-ce-normal-.png","articleSection":["Ost\u00e9opathie"],"inLanguage":"fr-FR"},{"@type":"WebPage","@id":"https:\/\/ns-osteo.fr\/blog\/fatigue-intense-apres-losteopathe-est-ce-normal\/","url":"https:\/\/ns-osteo.fr\/blog\/fatigue-intense-apres-losteopathe-est-ce-normal\/","name":"\u25b7 Fatigue intense apr\u00e8s l'ost\u00e9opathe : est-ce normal ?","isPartOf":{"@id":"https:\/\/ns-osteo.fr\/blog\/#website"},"primaryImageOfPage":{"@id":"https:\/\/ns-osteo.fr\/blog\/fatigue-intense-apres-losteopathe-est-ce-normal\/#primaryimage"},"image":{"@id":"https:\/\/ns-osteo.fr\/blog\/fatigue-intense-apres-losteopathe-est-ce-normal\/#primaryimage"},"thumbnailUrl":"https:\/\/ns-osteo.fr\/blog\/wp-content\/uploads\/2026\/03\/Fatigue-intense-apres-losteopathe-est-ce-normal-.png","datePublished":"2026-03-23T06:37:01+00:00","description":"Fatigue intense apr\u00e8s l'ost\u00e9opathe : d\u00e9couvrez pourquoi ce ph\u00e9nom\u00e8ne est courant et quand s'inqui\u00e9ter pour votre bien-\u00eatre.","breadcrumb":{"@id":"https:\/\/ns-osteo.fr\/blog\/fatigue-intense-apres-losteopathe-est-ce-normal\/#breadcrumb"},"inLanguage":"fr-FR","potentialAction":[{"@type":"ReadAction","target":["https:\/\/ns-osteo.fr\/blog\/fatigue-intense-apres-losteopathe-est-ce-normal\/"]}]},{"@type":"ImageObject","inLanguage":"fr-FR","@id":"https:\/\/ns-osteo.fr\/blog\/fatigue-intense-apres-losteopathe-est-ce-normal\/#primaryimage","url":"https:\/\/ns-osteo.fr\/blog\/wp-content\/uploads\/2026\/03\/Fatigue-intense-apres-losteopathe-est-ce-normal-.png","contentUrl":"https:\/\/ns-osteo.fr\/blog\/wp-content\/uploads\/2026\/03\/Fatigue-intense-apres-losteopathe-est-ce-normal-.png","width":1344,"height":768,"caption":"d\u00e9couvrez pourquoi une fatigue intense peut survenir apr\u00e8s une s\u00e9ance chez l'ost\u00e9opathe et apprenez si cette r\u00e9action est normale ou signe d'un autre probl\u00e8me."},{"@type":"BreadcrumbList","@id":"https:\/\/ns-osteo.fr\/blog\/fatigue-intense-apres-losteopathe-est-ce-normal\/#breadcrumb","itemListElement":[{"@type":"ListItem","position":1,"name":"Accueil","item":"https:\/\/ns-osteo.fr\/blog\/"},{"@type":"ListItem","position":2,"name":"Ost\u00e9opathie","item":"https:\/\/ns-osteo.fr\/blog\/osteopathie\/"},{"@type":"ListItem","position":3,"name":"Fatigue intense apr\u00e8s l&rsquo;ost\u00e9opathe : est-ce normal ?"}]},{"@type":"WebSite","@id":"https:\/\/ns-osteo.fr\/blog\/#website","url":"https:\/\/ns-osteo.fr\/blog\/","name":"NS OSTEO","description":"Trouvez un ost\u00e9opathe pr\u00e8s de chez vous","publisher":{"@id":"https:\/\/ns-osteo.fr\/blog\/#organization"},"potentialAction":[{"@type":"SearchAction","target":{"@type":"EntryPoint","urlTemplate":"https:\/\/ns-osteo.fr\/blog\/?s={search_term_string}"},"query-input":{"@type":"PropertyValueSpecification","valueRequired":true,"valueName":"search_term_string"}}],"inLanguage":"fr-FR"},{"@type":"Organization","@id":"https:\/\/ns-osteo.fr\/blog\/#organization","name":"NS OSTEO","url":"https:\/\/ns-osteo.fr\/blog\/","logo":{"@type":"ImageObject","inLanguage":"fr-FR","@id":"https:\/\/ns-osteo.fr\/blog\/#\/schema\/logo\/image\/","url":"https:\/\/ns-osteo.fr\/blog\/wp-content\/uploads\/2026\/02\/cropped-ns-osteo.png","contentUrl":"https:\/\/ns-osteo.fr\/blog\/wp-content\/uploads\/2026\/02\/cropped-ns-osteo.png","width":511,"height":512,"caption":"NS OSTEO"},"image":{"@id":"https:\/\/ns-osteo.fr\/blog\/#\/schema\/logo\/image\/"}},{"@type":"Person","@id":"https:\/\/ns-osteo.fr\/blog\/#\/schema\/person\/9a59cedf8f0450fcac67e2eef85497be","name":"Quentin","image":{"@type":"ImageObject","inLanguage":"fr-FR","@id":"https:\/\/secure.gravatar.com\/avatar\/?s=96&d=identicon&r=g","url":"https:\/\/secure.gravatar.com\/avatar\/?s=96&d=identicon&r=g","contentUrl":"https:\/\/secure.gravatar.com\/avatar\/?s=96&d=identicon&r=g","caption":"Quentin"},"description":"Ost\u00e9opathe passionn\u00e9 de 33 ans, j'accompagne chacun vers un mieux-\u00eatre durable gr\u00e2ce \u00e0 des techniques manuelles adapt\u00e9es. Mon approche allie expertise et \u00e9coute attentive pour restaurer l'\u00e9quilibre du corps."}]}},"_links":{"self":[{"href":"https:\/\/ns-osteo.fr\/blog\/wp-json\/wp\/v2\/posts\/4460","targetHints":{"allow":["GET"]}}],"collection":[{"href":"https:\/\/ns-osteo.fr\/blog\/wp-json\/wp\/v2\/posts"}],"about":[{"href":"https:\/\/ns-osteo.fr\/blog\/wp-json\/wp\/v2\/types\/post"}],"author":[{"embeddable":true,"href":"https:\/\/ns-osteo.fr\/blog\/wp-json\/wp\/v2\/users\/7"}],"replies":[{"embeddable":true,"href":"https:\/\/ns-osteo.fr\/blog\/wp-json\/wp\/v2\/comments?post=4460"}],"version-history":[{"count":0,"href":"https:\/\/ns-osteo.fr\/blog\/wp-json\/wp\/v2\/posts\/4460\/revisions"}],"wp:featuredmedia":[{"embeddable":true,"href":"https:\/\/ns-osteo.fr\/blog\/wp-json\/wp\/v2\/media\/4459"}],"wp:attachment":[{"href":"https:\/\/ns-osteo.fr\/blog\/wp-json\/wp\/v2\/media?parent=4460"}],"wp:term":[{"taxonomy":"category","embeddable":true,"href":"https:\/\/ns-osteo.fr\/blog\/wp-json\/wp\/v2\/categories?post=4460"},{"taxonomy":"post_tag","embeddable":true,"href":"https:\/\/ns-osteo.fr\/blog\/wp-json\/wp\/v2\/tags?post=4460"}],"curies":[{"name":"wp","href":"https:\/\/api.w.org\/{rel}","templated":true}]}}