{"id":4480,"date":"2026-04-07T08:33:44","date_gmt":"2026-04-07T06:33:44","guid":{"rendered":"https:\/\/ns-osteo.fr\/combien-dannees-detudes-faut-il-pour-etre-osteopathe-agree\/"},"modified":"2026-04-07T08:33:44","modified_gmt":"2026-04-07T06:33:44","slug":"combien-dannees-detudes-faut-il-pour-etre-osteopathe-agree","status":"publish","type":"post","link":"https:\/\/ns-osteo.fr\/blog\/combien-dannees-detudes-faut-il-pour-etre-osteopathe-agree\/","title":{"rendered":"Combien d&rsquo;ann\u00e9es d&rsquo;\u00e9tudes faut-il pour \u00eatre ost\u00e9opathe agr\u00e9\u00e9 ?"},"content":{"rendered":"<p>Vous vous r\u00e9veillez un matin avec le dos totalement bloqu\u00e9. La premi\u00e8re pens\u00e9e qui vous traverse l&rsquo;esprit est souvent de consulter un professionnel pour un soulagement rapide. Mais \u00e0 qui confiez-vous votre corps ? Pour obtenir le titre d&rsquo;<strong>ost\u00e9opathe agr\u00e9\u00e9<\/strong>, la r\u00e9ponse officielle est cat\u00e9gorique : il faut compter <strong>cinq ann\u00e9es d&rsquo;\u00e9tudes<\/strong> \u00e0 temps plein apr\u00e8s le baccalaur\u00e9at. Ce cursus rigoureux, valid\u00e9 par le minist\u00e8re de la Sant\u00e9, repr\u00e9sente pr\u00e8s de 5 000 heures de formation intense, m\u00ealant th\u00e9orie scientifique et pratique clinique pouss\u00e9e.<\/p>\n\n<p>L&rsquo;<strong>ost\u00e9opathie<\/strong> n&rsquo;est pas un apprentissage qui s&rsquo;improvise en quelques semaines. C&rsquo;est une discipline param\u00e9dicale complexe qui exige une connaissance anatomique parfaite et une grande finesse palpatoire. Tout au long de cette <strong>dur\u00e9e<\/strong> d&rsquo;enseignement, l&rsquo;\u00e9tudiant apprend \u00e0 ma\u00eetriser l&rsquo;<strong>approche globale<\/strong> du corps humain, o\u00f9 chaque articulation, muscle et fascia est intrins\u00e8quement connect\u00e9. Confier sa sant\u00e9 \u00e0 un praticien qualifi\u00e9, c&rsquo;est s&rsquo;assurer d&rsquo;une prise en charge s\u00e9curis\u00e9e, sp\u00e9cialement pens\u00e9e pour analyser l&rsquo;origine de vos douleurs corporelles.<\/p>\n\n<p>En cette ann\u00e9e 2026, la r\u00e9glementation encadrant la profession est stricte et garantit un niveau d&rsquo;excellence pour votre bien-\u00eatre. Comprendre le parcours de ces th\u00e9rapeutes permet d&rsquo;aborder sa consultation avec s\u00e9r\u00e9nit\u00e9 et d&rsquo;\u00eatre acteur de sa propre sant\u00e9.<\/p>\n\n<h2 class=\"wp-block-heading\">Pourquoi faut-il cinq ans d&rsquo;\u00e9tudes pour devenir un ost\u00e9opathe agr\u00e9\u00e9 ?<\/h2>\n\n<p>La machine humaine est d&rsquo;une complexit\u00e9 fascinante. Comprendre comment une restriction au niveau d&rsquo;une cheville peut engendrer, par compensation, des douleurs cervicales n\u00e9cessite un apprentissage pointu de la <strong>biom\u00e9canique<\/strong>. C&rsquo;est pourquoi un <strong>enseignement<\/strong> sur cinq ans est absolument incontournable aujourd&rsquo;hui.<\/p>\n\n<p>Durant ces cinq <strong>ann\u00e9es<\/strong>, le futur praticien \u00e9tudie minutieusement chaque os, syst\u00e8me nerveux, ligament et organe visc\u00e9ral. Il ne s&rsquo;agit pas seulement d&rsquo;apprendre des planches d&rsquo;anatomie par c\u0153ur, mais de visualiser mentalement les interactions sous la peau. La palpation des diff\u00e9rents <strong>tissus<\/strong> demande un entra\u00eenement tr\u00e8s long pour devenir \u00e0 la fois pr\u00e9cise, efficace et douce.<\/p>\n\n<p>Rappelons ici qu&rsquo;un <strong>traitement manuel<\/strong> vise avant tout le soulagement et la prise en charge des troubles fonctionnels. Si vos douleurs persistent anormalement ou s&rsquo;accompagnent de sympt\u00f4mes intenses, une consultation m\u00e9dicale reste primordiale pour \u00e9carter toute pathologie s\u00e9v\u00e8re sous-jacente.<\/p>\n\n<h3 class=\"wp-block-heading\">Que contient le programme de formation pour obtenir le dipl\u00f4me ?<\/h3>\n\n<p>Le cursus menant au <strong>dipl\u00f4me<\/strong> se divise intelligemment entre sciences fondamentales et pratique clinique. Les premi\u00e8res \u00e9tapes posent les bases m\u00e9dicales solides : anatomie, physiologie, pathologie et s\u00e9miologie. L&rsquo;objectif clinique est d&rsquo;apprendre tr\u00e8s t\u00f4t \u00e0 rep\u00e9rer les limites de la th\u00e9rapie manuelle.<\/p>\n\n<p>Ensuite, l&rsquo;apprentissage s&rsquo;oriente vers la sp\u00e9cificit\u00e9 de ce m\u00e9tier. L&rsquo;\u00e9tudiant apprend \u00e0 identifier un <strong>blocage<\/strong> au niveau des <strong>vert\u00e8bres<\/strong>, mais \u00e9galement \u00e0 \u00e9valuer la bonne fluidit\u00e9 du <strong>drainage<\/strong> lymphatique ou sanguin. Chaque technique manipulative doit \u00eatre savamment mesur\u00e9e, expliqu\u00e9e et parfaitement adapt\u00e9e au motif de consultation de la personne qui souffre.<\/p>\n\n<figure class=\"is-provider-youtube is-type-video wp-block-embed wp-block-embed-youtube wp-embed-aspect-16-9 wp-has-aspect-ratio\"><div class=\"wp-block-embed__wrapper\">\n<iframe loading=\"lazy\" title=\"Ost\u00e9opathe : formation et d\u00e9bouch\u00e9s\" width=\"720\" height=\"405\" src=\"https:\/\/www.youtube.com\/embed\/JaDj0s5Viq4?feature=oembed\" frameborder=\"0\" allow=\"accelerometer; autoplay; clipboard-write; encrypted-media; gyroscope; picture-in-picture; web-share\" referrerpolicy=\"strict-origin-when-cross-origin\" allowfullscreen><\/iframe>\n<\/div><\/figure>\n\n<h2 class=\"wp-block-heading\">Comment se d\u00e9roule l&rsquo;enseignement clinique en ost\u00e9opathie ?<\/h2>\n\n<p>La th\u00e9orie seule, aussi pointue soit-elle, ne suffit pas pour acqu\u00e9rir une excellente <strong>qualification<\/strong>. C&rsquo;est la confrontation avec de v\u00e9ritables patients qui forge la dext\u00e9rit\u00e9 et l&rsquo;exp\u00e9rience du futur professionnel de la sant\u00e9 manuelle. Les cliniques int\u00e9gr\u00e9es aux \u00e9coles agr\u00e9\u00e9es permettent ce saut dans le grand bain, sous haute supervision.<\/p>\n\n<p>Plus de 1 500 heures sont exclusivement d\u00e9di\u00e9es aux consultations r\u00e9elles. L&rsquo;\u00e9tudiant affine sa posture th\u00e9rapeutique, apprend \u00e0 g\u00e9rer l&rsquo;anxi\u00e9t\u00e9 du patient et d\u00e9veloppe son \u00e9coute active. Il diagnostique le <strong>dysfonctionnement<\/strong> corporel pour proposer un plan d&rsquo;action pertinent et enti\u00e8rement s\u00e9curis\u00e9.<\/p>\n\n<figure class=\"wp-block-table\"><table>\n<thead>\n<tr>\n<th>\ud83c\udf93 Cycle de la formation<\/th>\n<th>\ud83d\udcda Enseignements et th\u00e8mes abord\u00e9s<\/th>\n<th>\u23f1\ufe0f Dur\u00e9e de l&rsquo;apprentissage<\/th>\n<\/tr>\n<\/thead>\n<tbody>\n<tr>\n<td><strong>1. Cycle fondamental<\/strong><\/td>\n<td>Sciences de la vie, anatomie, physiologie, apprentissage des gestes palpatoires de base<\/td>\n<td>2 ans<\/td>\n<\/tr>\n<tr>\n<td><strong>2. Cycle d&rsquo;approfondissement<\/strong><\/td>\n<td>Mise en situation clinique, s\u00e9miologie, gestion de la douleur, diagnostic d&rsquo;exclusion<\/td>\n<td>2 ans<\/td>\n<\/tr>\n<tr>\n<td><strong>3. Professionnalisation<\/strong><\/td>\n<td>Pratique autonome en clinique encadr\u00e9e, r\u00e9daction du m\u00e9moire de fin d&rsquo;\u00e9tudes<\/td>\n<td>1 an<\/td>\n<\/tr>\n<\/tbody>\n<\/table><\/figure>\n\n<h3 class=\"wp-block-heading\">Quels sont les pr\u00e9requis pour int\u00e9grer ces \u00e9coles r\u00e9glement\u00e9es ?<\/h3>\n\n<p>L&rsquo;acc\u00e8s \u00e0 une \u00e9cole d\u00e9livrant ce titre officiel se fait majoritairement apr\u00e8s l&rsquo;obtention du baccalaur\u00e9at. Une app\u00e9tence naturelle pour la biologie et le fonctionnement du corps humain repr\u00e9sente un atout majeur pour assimiler la densit\u00e9 des premi\u00e8res \u00e9tapes de la <strong>formation<\/strong>.<\/p>\n\n<p>Cependant, les entretiens d&rsquo;admission \u00e9valuent bien plus que le dossier scolaire. La motivation, l&rsquo;\u00e9coute et l&#8217;empathie sont des crit\u00e8res d\u00e9terminants. Un excellent th\u00e9rapeute doit savoir instaurer un climat de confiance absolu avant m\u00eame de poser ses mains sur la zone endolorie.<\/p>\n\n<h2 class=\"wp-block-heading\">Pourquoi le corps r\u00e9agit-il autant apr\u00e8s une s\u00e9ance de traitement ?<\/h2>\n\n<p>Vous avez saut\u00e9 le pas, la s\u00e9ance s&rsquo;est d\u00e9roul\u00e9e \u00e0 merveille, mais le lendemain, vous ressentez une fatigue inhabituelle ou des courbatures. C&rsquo;est une r\u00e9action physiologique extr\u00eamement fr\u00e9quente. Le travail profond sur la <strong>mobilit\u00e9<\/strong> articulaire et fasciale demande une capacit\u00e9 d&rsquo;adaptation importante \u00e0 votre organisme.<\/p>\n\n<p>Le praticien a stimul\u00e9 votre syst\u00e8me nerveux autonome pour rel\u00e2cher des tensions parfois install\u00e9es depuis des mois. Ce processus de r\u00e9\u00e9quilibrage global draine beaucoup d&rsquo;\u00e9nergie. Voici quelques conseils pratiques de <strong>pr\u00e9vention<\/strong> pour optimiser les effets de votre consultation une fois rentr\u00e9 chez vous :<\/p>\n\n<ul class=\"wp-block-list\"><li>\ud83d\udca7 <strong>Hydratez-vous abondamment :<\/strong> Boire de l&rsquo;eau claire aide vos tissus \u00e0 \u00e9liminer efficacement les toxines lib\u00e9r\u00e9es pendant les manipulations tissulaires.<\/li><li>\ud83e\uddd8 <strong>Pratiquez la respiration diaphragmatique :<\/strong> Allongez-vous sur le dos, posez les mains sur votre ventre et respirez lentement pour apaiser le nerf vague et d\u00e9tendre vos lombaires.<\/li><li>\ud83d\udeb6 <strong>Privil\u00e9giez la mobilisation douce :<\/strong> \u00c9vitez toute s\u00e9ance de sport intense pendant 48 heures, mais maintenez une petite marche tranquille pour \u00e9viter l&rsquo;enraidissement musculaire.<\/li><li>\ud83d\udecc <strong>\u00c9coutez vos signaux de fatigue :<\/strong> Si votre corps r\u00e9clame du repos en fin de journ\u00e9e, accordez-lui une sieste ou une nuit prolong\u00e9e sans aucune culpabilit\u00e9.<\/li><\/ul>\n\n<figure class=\"is-provider-youtube is-type-video wp-block-embed wp-block-embed-youtube wp-embed-aspect-16-9 wp-has-aspect-ratio\"><div class=\"wp-block-embed__wrapper\">\n<iframe loading=\"lazy\" title=\"DEVENIR OST\u00c9OPATHE : les \u00e9tudes, le salaire...C\u00e9line nous parle ost\u00e9opathie !\" width=\"720\" height=\"405\" src=\"https:\/\/www.youtube.com\/embed\/g4IJ76l0kzk?feature=oembed\" frameborder=\"0\" allow=\"accelerometer; autoplay; clipboard-write; encrypted-media; gyroscope; picture-in-picture; web-share\" referrerpolicy=\"strict-origin-when-cross-origin\" allowfullscreen><\/iframe>\n<\/div><\/figure>\n\n<h2 class=\"wp-block-heading\">Comment s&rsquo;assurer que son th\u00e9rapeute poss\u00e8de la bonne qualification ?<\/h2>\n\n<p>La s\u00e9curit\u00e9 et la qualit\u00e9 des soins sont des priorit\u00e9s absolues lorsque l&rsquo;on confie son int\u00e9grit\u00e9 physique \u00e0 un tiers. Pour vous assurer que votre praticien a valid\u00e9 ses <strong>\u00e9tudes<\/strong> dans les r\u00e8gles de l&rsquo;art, v\u00e9rifiez qu&rsquo;il utilise le titre de \u00ab\u00a0D.O.\u00a0\u00bb (Dipl\u00f4m\u00e9 en Ost\u00e9opathie) sur ses plaques ou ordonnances.<\/p>\n\n<p>De plus, tout professionnel exer\u00e7ant l\u00e9galement sur le territoire fran\u00e7ais doit poss\u00e9der un num\u00e9ro d&rsquo;enregistrement officiel (num\u00e9ro ADELI ou RPPS). Ce matricule atteste que son parcours a \u00e9t\u00e9 v\u00e9rifi\u00e9 par les autorit\u00e9s de sant\u00e9 r\u00e9gionales. Poser la question lors de votre prise de rendez-vous est une d\u00e9marche saine et tout \u00e0 fait l\u00e9gitime.<\/p>\n\n<script type=\"application\/ld+json\">\n{\"@context\":\"https:\/\/schema.org\",\"@type\":\"FAQPage\",\"mainEntity\":[{\"@type\":\"Question\",\"name\":\"L'ostu00e9opathie peut-elle guu00e9rir des maladies graves ou chroniques ?\",\"acceptedAnswer\":{\"@type\":\"Answer\",\"text\":\"Non. L'ostu00e9opathie est une approche de premiu00e8re intention destinu00e9e u00e0 soulager les troubles fonctionnels (douleurs articulaires, tensions musculaires, troubles digestifs lu00e9gers). Elle ne pru00e9tend en aucun cas guu00e9rir des maladies graves (cancers, infections, pathologies du00e9gu00e9nu00e9ratives su00e9vu00e8res) et intervient en complu00e9mentaritu00e9 de la mu00e9decine allopathique.\"}},{\"@type\":\"Question\",\"name\":\"Faut-il une ordonnance du mu00e9decin pour prendre rendez-vous ?\",\"acceptedAnswer\":{\"@type\":\"Answer\",\"text\":\"Il n'est pas nu00e9cessaire d'avoir une prescription mu00e9dicale pour consulter. Vous pouvez prendre rendez-vous directement. Toutefois, si le praticien du00e9tecte un problu00e8me qui du00e9passe son champ de compu00e9tence, il vous ru00e9orientera immu00e9diatement vers votre mu00e9decin traitant.\"}},{\"@type\":\"Question\",\"name\":\"Quelle est la diffu00e9rence entre un ostu00e9opathe exclusif et un kinu00e9-ostu00e9opathe ?\",\"acceptedAnswer\":{\"@type\":\"Answer\",\"text\":\"Un ostu00e9opathe dit 'exclusif' a suivi une formation initiale de 5 ans du00e9diu00e9e uniquement u00e0 cette pratique. Un kinu00e9sithu00e9rapeute-ostu00e9opathe a d'abord obtenu son diplu00f4me de kinu00e9sithu00e9rapie, puis a suivi une formation continue u00e0 temps partiel pour ajouter cette corde u00e0 son arc. Les deux possu00e8dent le droit d'exercer s'ils ru00e9pondent aux du00e9crets en vigueur.\"}}]}\n<\/script>\n<h3>L&rsquo;ost\u00e9opathie peut-elle gu\u00e9rir des maladies graves ou chroniques ?<\/h3>\n<p>Non. L&rsquo;ost\u00e9opathie est une approche de premi\u00e8re intention destin\u00e9e \u00e0 soulager les troubles fonctionnels (douleurs articulaires, tensions musculaires, troubles digestifs l\u00e9gers). Elle ne pr\u00e9tend en aucun cas gu\u00e9rir des maladies graves (cancers, infections, pathologies d\u00e9g\u00e9n\u00e9ratives s\u00e9v\u00e8res) et intervient en compl\u00e9mentarit\u00e9 de la m\u00e9decine allopathique.<\/p>\n<h3>Faut-il une ordonnance du m\u00e9decin pour prendre rendez-vous ?<\/h3>\n<p>Il n&rsquo;est pas n\u00e9cessaire d&rsquo;avoir une prescription m\u00e9dicale pour consulter. Vous pouvez prendre rendez-vous directement. Toutefois, si le praticien d\u00e9tecte un probl\u00e8me qui d\u00e9passe son champ de comp\u00e9tence, il vous r\u00e9orientera imm\u00e9diatement vers votre m\u00e9decin traitant.<\/p>\n<h3>Quelle est la diff\u00e9rence entre un ost\u00e9opathe exclusif et un kin\u00e9-ost\u00e9opathe ?<\/h3>\n<p>Un ost\u00e9opathe dit &lsquo;exclusif&rsquo; a suivi une formation initiale de 5 ans d\u00e9di\u00e9e uniquement \u00e0 cette pratique. Un kin\u00e9sith\u00e9rapeute-ost\u00e9opathe a d&rsquo;abord obtenu son dipl\u00f4me de kin\u00e9sith\u00e9rapie, puis a suivi une formation continue \u00e0 temps partiel pour ajouter cette corde \u00e0 son arc. Les deux poss\u00e8dent le droit d&rsquo;exercer s&rsquo;ils r\u00e9pondent aux d\u00e9crets en vigueur.<\/p>\n\n","protected":false},"excerpt":{"rendered":"<p>Vous vous r\u00e9veillez un matin avec le dos totalement bloqu\u00e9. La premi\u00e8re pens\u00e9e qui vous traverse l&rsquo;esprit est souvent de&#8230;<\/p>\n","protected":false},"author":7,"featured_media":4479,"comment_status":"","ping_status":"","sticky":false,"template":"","format":"standard","meta":{"_kadence_starter_templates_imported_post":false,"_kad_post_transparent":"","_kad_post_title":"","_kad_post_layout":"","_kad_post_sidebar_id":"","_kad_post_content_style":"","_kad_post_vertical_padding":"","_kad_post_feature":"","_kad_post_feature_position":"","_kad_post_header":false,"_kad_post_footer":false,"_kad_post_classname":"","footnotes":""},"categories":[60],"tags":[],"class_list":["post-4480","post","type-post","status-publish","format-standard","has-post-thumbnail","hentry","category-osteopathie"],"yoast_head":"<!-- This site is optimized with the Yoast SEO plugin v27.5 - https:\/\/yoast.com\/product\/yoast-seo-wordpress\/ -->\n<title>\u25b7 Combien d&#039;ann\u00e9es d&#039;\u00e9tudes faut-il pour \u00eatre ost\u00e9opathe agr\u00e9\u00e9 ?<\/title>\n<meta name=\"description\" content=\"D\u00e9couvrez combien d&#039;ann\u00e9es d&#039;\u00e9tudes sont n\u00e9cessaires pour devenir ost\u00e9opathe agr\u00e9\u00e9 et exercer en toute l\u00e9galit\u00e9 en France.\" \/>\n<meta name=\"robots\" content=\"index, follow, max-snippet:-1, max-image-preview:large, max-video-preview:-1\" \/>\n<link rel=\"canonical\" href=\"https:\/\/ns-osteo.fr\/blog\/combien-dannees-detudes-faut-il-pour-etre-osteopathe-agree\/\" \/>\n<meta property=\"og:locale\" content=\"fr_FR\" \/>\n<meta property=\"og:type\" content=\"article\" \/>\n<meta property=\"og:title\" content=\"\u25b7 Combien d&#039;ann\u00e9es d&#039;\u00e9tudes faut-il pour \u00eatre ost\u00e9opathe agr\u00e9\u00e9 ?\" \/>\n<meta property=\"og:description\" content=\"D\u00e9couvrez combien d&#039;ann\u00e9es d&#039;\u00e9tudes sont n\u00e9cessaires pour devenir ost\u00e9opathe agr\u00e9\u00e9 et exercer en toute l\u00e9galit\u00e9 en France.\" \/>\n<meta property=\"og:url\" content=\"https:\/\/ns-osteo.fr\/blog\/combien-dannees-detudes-faut-il-pour-etre-osteopathe-agree\/\" \/>\n<meta property=\"og:site_name\" content=\"NS OSTEO\" \/>\n<meta property=\"article:published_time\" content=\"2026-04-07T06:33:44+00:00\" \/>\n<meta property=\"og:image\" content=\"https:\/\/ns-osteo.fr\/blog\/wp-content\/uploads\/2026\/04\/Combien-dannees-detudes-faut-il-pour-etre-osteopathe-agree-.png\" \/>\n\t<meta property=\"og:image:width\" content=\"1344\" \/>\n\t<meta property=\"og:image:height\" content=\"768\" \/>\n\t<meta property=\"og:image:type\" content=\"image\/png\" \/>\n<meta name=\"author\" content=\"Quentin\" \/>\n<meta name=\"twitter:card\" content=\"summary_large_image\" \/>\n<meta name=\"twitter:label1\" content=\"\u00c9crit par\" \/>\n\t<meta name=\"twitter:data1\" content=\"Quentin\" \/>\n\t<meta name=\"twitter:label2\" content=\"Dur\u00e9e de lecture estim\u00e9e\" \/>\n\t<meta name=\"twitter:data2\" content=\"7 minutes\" \/>\n<script type=\"application\/ld+json\" class=\"yoast-schema-graph\">{\"@context\":\"https:\\\/\\\/schema.org\",\"@graph\":[{\"@type\":\"Article\",\"@id\":\"https:\\\/\\\/ns-osteo.fr\\\/blog\\\/combien-dannees-detudes-faut-il-pour-etre-osteopathe-agree\\\/#article\",\"isPartOf\":{\"@id\":\"https:\\\/\\\/ns-osteo.fr\\\/blog\\\/combien-dannees-detudes-faut-il-pour-etre-osteopathe-agree\\\/\"},\"author\":{\"name\":\"Quentin\",\"@id\":\"https:\\\/\\\/ns-osteo.fr\\\/blog\\\/#\\\/schema\\\/person\\\/9a59cedf8f0450fcac67e2eef85497be\"},\"headline\":\"Combien d&rsquo;ann\u00e9es d&rsquo;\u00e9tudes faut-il pour \u00eatre ost\u00e9opathe agr\u00e9\u00e9 ?\",\"datePublished\":\"2026-04-07T06:33:44+00:00\",\"mainEntityOfPage\":{\"@id\":\"https:\\\/\\\/ns-osteo.fr\\\/blog\\\/combien-dannees-detudes-faut-il-pour-etre-osteopathe-agree\\\/\"},\"wordCount\":1402,\"publisher\":{\"@id\":\"https:\\\/\\\/ns-osteo.fr\\\/blog\\\/#organization\"},\"image\":{\"@id\":\"https:\\\/\\\/ns-osteo.fr\\\/blog\\\/combien-dannees-detudes-faut-il-pour-etre-osteopathe-agree\\\/#primaryimage\"},\"thumbnailUrl\":\"https:\\\/\\\/ns-osteo.fr\\\/blog\\\/wp-content\\\/uploads\\\/2026\\\/04\\\/Combien-dannees-detudes-faut-il-pour-etre-osteopathe-agree-.png\",\"articleSection\":[\"Ost\u00e9opathie\"],\"inLanguage\":\"fr-FR\"},{\"@type\":\"WebPage\",\"@id\":\"https:\\\/\\\/ns-osteo.fr\\\/blog\\\/combien-dannees-detudes-faut-il-pour-etre-osteopathe-agree\\\/\",\"url\":\"https:\\\/\\\/ns-osteo.fr\\\/blog\\\/combien-dannees-detudes-faut-il-pour-etre-osteopathe-agree\\\/\",\"name\":\"\u25b7 Combien d'ann\u00e9es d'\u00e9tudes faut-il pour \u00eatre ost\u00e9opathe agr\u00e9\u00e9 ?\",\"isPartOf\":{\"@id\":\"https:\\\/\\\/ns-osteo.fr\\\/blog\\\/#website\"},\"primaryImageOfPage\":{\"@id\":\"https:\\\/\\\/ns-osteo.fr\\\/blog\\\/combien-dannees-detudes-faut-il-pour-etre-osteopathe-agree\\\/#primaryimage\"},\"image\":{\"@id\":\"https:\\\/\\\/ns-osteo.fr\\\/blog\\\/combien-dannees-detudes-faut-il-pour-etre-osteopathe-agree\\\/#primaryimage\"},\"thumbnailUrl\":\"https:\\\/\\\/ns-osteo.fr\\\/blog\\\/wp-content\\\/uploads\\\/2026\\\/04\\\/Combien-dannees-detudes-faut-il-pour-etre-osteopathe-agree-.png\",\"datePublished\":\"2026-04-07T06:33:44+00:00\",\"description\":\"D\u00e9couvrez combien d'ann\u00e9es d'\u00e9tudes sont n\u00e9cessaires pour devenir ost\u00e9opathe agr\u00e9\u00e9 et exercer en toute l\u00e9galit\u00e9 en France.\",\"breadcrumb\":{\"@id\":\"https:\\\/\\\/ns-osteo.fr\\\/blog\\\/combien-dannees-detudes-faut-il-pour-etre-osteopathe-agree\\\/#breadcrumb\"},\"inLanguage\":\"fr-FR\",\"potentialAction\":[{\"@type\":\"ReadAction\",\"target\":[\"https:\\\/\\\/ns-osteo.fr\\\/blog\\\/combien-dannees-detudes-faut-il-pour-etre-osteopathe-agree\\\/\"]}]},{\"@type\":\"ImageObject\",\"inLanguage\":\"fr-FR\",\"@id\":\"https:\\\/\\\/ns-osteo.fr\\\/blog\\\/combien-dannees-detudes-faut-il-pour-etre-osteopathe-agree\\\/#primaryimage\",\"url\":\"https:\\\/\\\/ns-osteo.fr\\\/blog\\\/wp-content\\\/uploads\\\/2026\\\/04\\\/Combien-dannees-detudes-faut-il-pour-etre-osteopathe-agree-.png\",\"contentUrl\":\"https:\\\/\\\/ns-osteo.fr\\\/blog\\\/wp-content\\\/uploads\\\/2026\\\/04\\\/Combien-dannees-detudes-faut-il-pour-etre-osteopathe-agree-.png\",\"width\":1344,\"height\":768,\"caption\":\"d\u00e9couvrez la dur\u00e9e des \u00e9tudes n\u00e9cessaires pour devenir ost\u00e9opathe agr\u00e9\u00e9 et comprendre les \u00e9tapes cl\u00e9s de cette formation professionnelle en france.\"},{\"@type\":\"BreadcrumbList\",\"@id\":\"https:\\\/\\\/ns-osteo.fr\\\/blog\\\/combien-dannees-detudes-faut-il-pour-etre-osteopathe-agree\\\/#breadcrumb\",\"itemListElement\":[{\"@type\":\"ListItem\",\"position\":1,\"name\":\"Accueil\",\"item\":\"https:\\\/\\\/ns-osteo.fr\\\/blog\\\/\"},{\"@type\":\"ListItem\",\"position\":2,\"name\":\"Ost\u00e9opathie\",\"item\":\"https:\\\/\\\/ns-osteo.fr\\\/blog\\\/osteopathie\\\/\"},{\"@type\":\"ListItem\",\"position\":3,\"name\":\"Combien d&rsquo;ann\u00e9es d&rsquo;\u00e9tudes faut-il pour \u00eatre ost\u00e9opathe agr\u00e9\u00e9 ?\"}]},{\"@type\":\"WebSite\",\"@id\":\"https:\\\/\\\/ns-osteo.fr\\\/blog\\\/#website\",\"url\":\"https:\\\/\\\/ns-osteo.fr\\\/blog\\\/\",\"name\":\"NS OSTEO\",\"description\":\"Trouvez un ost\u00e9opathe pr\u00e8s de chez vous\",\"publisher\":{\"@id\":\"https:\\\/\\\/ns-osteo.fr\\\/blog\\\/#organization\"},\"potentialAction\":[{\"@type\":\"SearchAction\",\"target\":{\"@type\":\"EntryPoint\",\"urlTemplate\":\"https:\\\/\\\/ns-osteo.fr\\\/blog\\\/?s={search_term_string}\"},\"query-input\":{\"@type\":\"PropertyValueSpecification\",\"valueRequired\":true,\"valueName\":\"search_term_string\"}}],\"inLanguage\":\"fr-FR\"},{\"@type\":\"Organization\",\"@id\":\"https:\\\/\\\/ns-osteo.fr\\\/blog\\\/#organization\",\"name\":\"NS OSTEO\",\"url\":\"https:\\\/\\\/ns-osteo.fr\\\/blog\\\/\",\"logo\":{\"@type\":\"ImageObject\",\"inLanguage\":\"fr-FR\",\"@id\":\"https:\\\/\\\/ns-osteo.fr\\\/blog\\\/#\\\/schema\\\/logo\\\/image\\\/\",\"url\":\"https:\\\/\\\/ns-osteo.fr\\\/blog\\\/wp-content\\\/uploads\\\/2026\\\/02\\\/cropped-ns-osteo.png\",\"contentUrl\":\"https:\\\/\\\/ns-osteo.fr\\\/blog\\\/wp-content\\\/uploads\\\/2026\\\/02\\\/cropped-ns-osteo.png\",\"width\":511,\"height\":512,\"caption\":\"NS OSTEO\"},\"image\":{\"@id\":\"https:\\\/\\\/ns-osteo.fr\\\/blog\\\/#\\\/schema\\\/logo\\\/image\\\/\"}},{\"@type\":\"Person\",\"@id\":\"https:\\\/\\\/ns-osteo.fr\\\/blog\\\/#\\\/schema\\\/person\\\/9a59cedf8f0450fcac67e2eef85497be\",\"name\":\"Quentin\",\"image\":{\"@type\":\"ImageObject\",\"inLanguage\":\"fr-FR\",\"@id\":\"https:\\\/\\\/secure.gravatar.com\\\/avatar\\\/?s=96&d=identicon&r=g\",\"url\":\"https:\\\/\\\/secure.gravatar.com\\\/avatar\\\/?s=96&d=identicon&r=g\",\"contentUrl\":\"https:\\\/\\\/secure.gravatar.com\\\/avatar\\\/?s=96&d=identicon&r=g\",\"caption\":\"Quentin\"},\"description\":\"Ost\u00e9opathe passionn\u00e9 de 33 ans, j'accompagne chacun vers un mieux-\u00eatre durable gr\u00e2ce \u00e0 des techniques manuelles adapt\u00e9es. Mon approche allie expertise et \u00e9coute attentive pour restaurer l'\u00e9quilibre du corps.\"}]}<\/script>\n<!-- \/ Yoast SEO plugin. -->","yoast_head_json":{"title":"\u25b7 Combien d'ann\u00e9es d'\u00e9tudes faut-il pour \u00eatre ost\u00e9opathe agr\u00e9\u00e9 ?","description":"D\u00e9couvrez combien d'ann\u00e9es d'\u00e9tudes sont n\u00e9cessaires pour devenir ost\u00e9opathe agr\u00e9\u00e9 et exercer en toute l\u00e9galit\u00e9 en France.","robots":{"index":"index","follow":"follow","max-snippet":"max-snippet:-1","max-image-preview":"max-image-preview:large","max-video-preview":"max-video-preview:-1"},"canonical":"https:\/\/ns-osteo.fr\/blog\/combien-dannees-detudes-faut-il-pour-etre-osteopathe-agree\/","og_locale":"fr_FR","og_type":"article","og_title":"\u25b7 Combien d'ann\u00e9es d'\u00e9tudes faut-il pour \u00eatre ost\u00e9opathe agr\u00e9\u00e9 ?","og_description":"D\u00e9couvrez combien d'ann\u00e9es d'\u00e9tudes sont n\u00e9cessaires pour devenir ost\u00e9opathe agr\u00e9\u00e9 et exercer en toute l\u00e9galit\u00e9 en France.","og_url":"https:\/\/ns-osteo.fr\/blog\/combien-dannees-detudes-faut-il-pour-etre-osteopathe-agree\/","og_site_name":"NS OSTEO","article_published_time":"2026-04-07T06:33:44+00:00","og_image":[{"width":1344,"height":768,"url":"https:\/\/ns-osteo.fr\/blog\/wp-content\/uploads\/2026\/04\/Combien-dannees-detudes-faut-il-pour-etre-osteopathe-agree-.png","type":"image\/png"}],"author":"Quentin","twitter_card":"summary_large_image","twitter_misc":{"\u00c9crit par":"Quentin","Dur\u00e9e de lecture estim\u00e9e":"7 minutes"},"schema":{"@context":"https:\/\/schema.org","@graph":[{"@type":"Article","@id":"https:\/\/ns-osteo.fr\/blog\/combien-dannees-detudes-faut-il-pour-etre-osteopathe-agree\/#article","isPartOf":{"@id":"https:\/\/ns-osteo.fr\/blog\/combien-dannees-detudes-faut-il-pour-etre-osteopathe-agree\/"},"author":{"name":"Quentin","@id":"https:\/\/ns-osteo.fr\/blog\/#\/schema\/person\/9a59cedf8f0450fcac67e2eef85497be"},"headline":"Combien d&rsquo;ann\u00e9es d&rsquo;\u00e9tudes faut-il pour \u00eatre ost\u00e9opathe agr\u00e9\u00e9 ?","datePublished":"2026-04-07T06:33:44+00:00","mainEntityOfPage":{"@id":"https:\/\/ns-osteo.fr\/blog\/combien-dannees-detudes-faut-il-pour-etre-osteopathe-agree\/"},"wordCount":1402,"publisher":{"@id":"https:\/\/ns-osteo.fr\/blog\/#organization"},"image":{"@id":"https:\/\/ns-osteo.fr\/blog\/combien-dannees-detudes-faut-il-pour-etre-osteopathe-agree\/#primaryimage"},"thumbnailUrl":"https:\/\/ns-osteo.fr\/blog\/wp-content\/uploads\/2026\/04\/Combien-dannees-detudes-faut-il-pour-etre-osteopathe-agree-.png","articleSection":["Ost\u00e9opathie"],"inLanguage":"fr-FR"},{"@type":"WebPage","@id":"https:\/\/ns-osteo.fr\/blog\/combien-dannees-detudes-faut-il-pour-etre-osteopathe-agree\/","url":"https:\/\/ns-osteo.fr\/blog\/combien-dannees-detudes-faut-il-pour-etre-osteopathe-agree\/","name":"\u25b7 Combien d'ann\u00e9es d'\u00e9tudes faut-il pour \u00eatre ost\u00e9opathe agr\u00e9\u00e9 ?","isPartOf":{"@id":"https:\/\/ns-osteo.fr\/blog\/#website"},"primaryImageOfPage":{"@id":"https:\/\/ns-osteo.fr\/blog\/combien-dannees-detudes-faut-il-pour-etre-osteopathe-agree\/#primaryimage"},"image":{"@id":"https:\/\/ns-osteo.fr\/blog\/combien-dannees-detudes-faut-il-pour-etre-osteopathe-agree\/#primaryimage"},"thumbnailUrl":"https:\/\/ns-osteo.fr\/blog\/wp-content\/uploads\/2026\/04\/Combien-dannees-detudes-faut-il-pour-etre-osteopathe-agree-.png","datePublished":"2026-04-07T06:33:44+00:00","description":"D\u00e9couvrez combien d'ann\u00e9es d'\u00e9tudes sont n\u00e9cessaires pour devenir ost\u00e9opathe agr\u00e9\u00e9 et exercer en toute l\u00e9galit\u00e9 en France.","breadcrumb":{"@id":"https:\/\/ns-osteo.fr\/blog\/combien-dannees-detudes-faut-il-pour-etre-osteopathe-agree\/#breadcrumb"},"inLanguage":"fr-FR","potentialAction":[{"@type":"ReadAction","target":["https:\/\/ns-osteo.fr\/blog\/combien-dannees-detudes-faut-il-pour-etre-osteopathe-agree\/"]}]},{"@type":"ImageObject","inLanguage":"fr-FR","@id":"https:\/\/ns-osteo.fr\/blog\/combien-dannees-detudes-faut-il-pour-etre-osteopathe-agree\/#primaryimage","url":"https:\/\/ns-osteo.fr\/blog\/wp-content\/uploads\/2026\/04\/Combien-dannees-detudes-faut-il-pour-etre-osteopathe-agree-.png","contentUrl":"https:\/\/ns-osteo.fr\/blog\/wp-content\/uploads\/2026\/04\/Combien-dannees-detudes-faut-il-pour-etre-osteopathe-agree-.png","width":1344,"height":768,"caption":"d\u00e9couvrez la dur\u00e9e des \u00e9tudes n\u00e9cessaires pour devenir ost\u00e9opathe agr\u00e9\u00e9 et comprendre les \u00e9tapes cl\u00e9s de cette formation professionnelle en france."},{"@type":"BreadcrumbList","@id":"https:\/\/ns-osteo.fr\/blog\/combien-dannees-detudes-faut-il-pour-etre-osteopathe-agree\/#breadcrumb","itemListElement":[{"@type":"ListItem","position":1,"name":"Accueil","item":"https:\/\/ns-osteo.fr\/blog\/"},{"@type":"ListItem","position":2,"name":"Ost\u00e9opathie","item":"https:\/\/ns-osteo.fr\/blog\/osteopathie\/"},{"@type":"ListItem","position":3,"name":"Combien d&rsquo;ann\u00e9es d&rsquo;\u00e9tudes faut-il pour \u00eatre ost\u00e9opathe agr\u00e9\u00e9 ?"}]},{"@type":"WebSite","@id":"https:\/\/ns-osteo.fr\/blog\/#website","url":"https:\/\/ns-osteo.fr\/blog\/","name":"NS OSTEO","description":"Trouvez un ost\u00e9opathe pr\u00e8s de chez vous","publisher":{"@id":"https:\/\/ns-osteo.fr\/blog\/#organization"},"potentialAction":[{"@type":"SearchAction","target":{"@type":"EntryPoint","urlTemplate":"https:\/\/ns-osteo.fr\/blog\/?s={search_term_string}"},"query-input":{"@type":"PropertyValueSpecification","valueRequired":true,"valueName":"search_term_string"}}],"inLanguage":"fr-FR"},{"@type":"Organization","@id":"https:\/\/ns-osteo.fr\/blog\/#organization","name":"NS OSTEO","url":"https:\/\/ns-osteo.fr\/blog\/","logo":{"@type":"ImageObject","inLanguage":"fr-FR","@id":"https:\/\/ns-osteo.fr\/blog\/#\/schema\/logo\/image\/","url":"https:\/\/ns-osteo.fr\/blog\/wp-content\/uploads\/2026\/02\/cropped-ns-osteo.png","contentUrl":"https:\/\/ns-osteo.fr\/blog\/wp-content\/uploads\/2026\/02\/cropped-ns-osteo.png","width":511,"height":512,"caption":"NS OSTEO"},"image":{"@id":"https:\/\/ns-osteo.fr\/blog\/#\/schema\/logo\/image\/"}},{"@type":"Person","@id":"https:\/\/ns-osteo.fr\/blog\/#\/schema\/person\/9a59cedf8f0450fcac67e2eef85497be","name":"Quentin","image":{"@type":"ImageObject","inLanguage":"fr-FR","@id":"https:\/\/secure.gravatar.com\/avatar\/?s=96&d=identicon&r=g","url":"https:\/\/secure.gravatar.com\/avatar\/?s=96&d=identicon&r=g","contentUrl":"https:\/\/secure.gravatar.com\/avatar\/?s=96&d=identicon&r=g","caption":"Quentin"},"description":"Ost\u00e9opathe passionn\u00e9 de 33 ans, j'accompagne chacun vers un mieux-\u00eatre durable gr\u00e2ce \u00e0 des techniques manuelles adapt\u00e9es. Mon approche allie expertise et \u00e9coute attentive pour restaurer l'\u00e9quilibre du corps."}]}},"_links":{"self":[{"href":"https:\/\/ns-osteo.fr\/blog\/wp-json\/wp\/v2\/posts\/4480","targetHints":{"allow":["GET"]}}],"collection":[{"href":"https:\/\/ns-osteo.fr\/blog\/wp-json\/wp\/v2\/posts"}],"about":[{"href":"https:\/\/ns-osteo.fr\/blog\/wp-json\/wp\/v2\/types\/post"}],"author":[{"embeddable":true,"href":"https:\/\/ns-osteo.fr\/blog\/wp-json\/wp\/v2\/users\/7"}],"replies":[{"embeddable":true,"href":"https:\/\/ns-osteo.fr\/blog\/wp-json\/wp\/v2\/comments?post=4480"}],"version-history":[{"count":0,"href":"https:\/\/ns-osteo.fr\/blog\/wp-json\/wp\/v2\/posts\/4480\/revisions"}],"wp:featuredmedia":[{"embeddable":true,"href":"https:\/\/ns-osteo.fr\/blog\/wp-json\/wp\/v2\/media\/4479"}],"wp:attachment":[{"href":"https:\/\/ns-osteo.fr\/blog\/wp-json\/wp\/v2\/media?parent=4480"}],"wp:term":[{"taxonomy":"category","embeddable":true,"href":"https:\/\/ns-osteo.fr\/blog\/wp-json\/wp\/v2\/categories?post=4480"},{"taxonomy":"post_tag","embeddable":true,"href":"https:\/\/ns-osteo.fr\/blog\/wp-json\/wp\/v2\/tags?post=4480"}],"curies":[{"name":"wp","href":"https:\/\/api.w.org\/{rel}","templated":true}]}}